{"id":2881,"date":"2026-01-21T22:55:27","date_gmt":"2026-01-21T21:55:27","guid":{"rendered":"https:\/\/pp1pawlowice.pl\/?p=2881"},"modified":"2026-01-21T22:56:54","modified_gmt":"2026-01-21T21:56:54","slug":"podroz-na-wyspe-radosci","status":"publish","type":"post","link":"https:\/\/pp1pawlowice.pl\/?p=2881","title":{"rendered":"Podr\u00f3\u017c na wysp\u0119 rado\u015bci"},"content":{"rendered":"\t\t<div data-elementor-type=\"wp-post\" data-elementor-id=\"2881\" class=\"elementor elementor-2881\">\n\t\t\t\t<div class=\"elementor-element elementor-element-3fff2f6a e-flex e-con-boxed e-con e-parent\" data-id=\"3fff2f6a\" data-element_type=\"container\" data-e-type=\"container\">\n\t\t\t\t\t<div class=\"e-con-inner\">\n\t\t\t\t<div class=\"elementor-element elementor-element-4bd3e274 elementor-widget elementor-widget-text-editor\" data-id=\"4bd3e274\" data-element_type=\"widget\" data-e-type=\"widget\" data-widget_type=\"text-editor.default\">\n\t\t\t\t<div class=\"elementor-widget-container\">\n\t\t\t\t\t\t\t\t\t<p data-start=\"0\" data-end=\"68\">\ud83d\ude0a\ud83c\udf08 <strong data-start=\"5\" data-end=\"61\">Warsztaty profilaktyczne \u201eCzuciaki w Krainie Emocji\u201d<\/strong> \ud83c\udf08\ud83d\ude0a<\/p>\r\n<p data-start=\"70\" data-end=\"346\">W naszym przedszkolu odby\u0142y si\u0119 kolejne warsztaty profilaktyczne prowadzone przez pani\u0105 pedagog specjaln\u0105 oraz psychologa. Tym razem przedszkolaki, po odwiedzinach <strong data-start=\"234\" data-end=\"252\">Wyspy Pana \u0141a\u0142<\/strong> oraz <strong data-start=\"258\" data-end=\"274\">Wyspy Smutku<\/strong>, gdzie urz\u0119dowa\u0142 <strong data-start=\"292\" data-end=\"304\">Markotek<\/strong>, przenios\u0142y si\u0119 na <strong data-start=\"324\" data-end=\"341\">Wysp\u0119 Rado\u015bci<\/strong> \ud83c\udf89<\/p>\r\n<p data-start=\"348\" data-end=\"584\">Na dzieci czeka\u0142a tam <strong data-start=\"370\" data-end=\"382\">\u015amieszka<\/strong>, kt\u00f3ra wprowadzi\u0142a je w \u015bwiat rado\u015bci. Przedszkolaki odkrywa\u0142y, czym jest rado\u015b\u0107, co mo\u017ce j\u0105 wyzwala\u0107 oraz uczy\u0142y si\u0119, \u017ce nie da si\u0119 czu\u0107 rado\u015bci przez ca\u0142y czas \u2013 i \u017ce to jest zupe\u0142nie w porz\u0105dku \ud83d\udc9b<\/p>\r\n<p data-start=\"586\" data-end=\"816\" data-is-last-node=\"\" data-is-only-node=\"\">Na zako\u0144czenie zaj\u0119\u0107 symbol rado\u015bci uni\u00f3s\u0142 si\u0119 po ca\u0142ej sali, nios\u0105c ze sob\u0105 u\u015bmiechy, lekko\u015b\u0107 i pozytywn\u0105 energi\u0119 \u2728 To by\u0142o pi\u0119kne spotkanie z emocjami i kolejne wa\u017cne do\u015bwiadczenie na drodze emocjonalnego rozwoju naszych dzieci.<\/p>\t\t\t\t\t\t\t\t<\/div>\n\t\t\t\t<\/div>\n\t\t\t\t\t<\/div>\n\t\t\t\t<\/div>\n\t\t<div class=\"elementor-element elementor-element-64c70b1 e-flex e-con-boxed e-con e-parent\" data-id=\"64c70b1\" data-element_type=\"container\" data-e-type=\"container\">\n\t\t\t\t\t<div class=\"e-con-inner\">\n\t\t\t\t<div class=\"elementor-element elementor-element-252db23 elementor-widget elementor-widget-image-gallery\" data-id=\"252db23\" data-element_type=\"widget\" data-e-type=\"widget\" data-widget_type=\"image-gallery.default\">\n\t\t\t\t<div class=\"elementor-widget-container\">\n\t\t\t\t\t\t\t<div class=\"elementor-image-gallery\">\n\t\t\t<div id='gallery-1' class='gallery galleryid-2881 gallery-columns-4 gallery-size-thumbnail'><figure class='gallery-item'>\n\t\t\t<div class='gallery-icon portrait'>\n\t\t\t\t<a data-elementor-open-lightbox=\"yes\" data-elementor-lightbox-slideshow=\"252db23\" data-elementor-lightbox-title=\"c6b09855-9ae5-4ac5-bf76-94f37e3ed734\" data-e-action-hash=\"#elementor-action%3Aaction%3Dlightbox%26settings%3DeyJpZCI6Mjg4NSwidXJsIjoiaHR0cHM6XC9cL3BwMXBhd2xvd2ljZS5wbFwvd3AtY29udGVudFwvdXBsb2Fkc1wvMjAyNlwvMDFcL2M2YjA5ODU1LTlhZTUtNGFjNS1iZjc2LTk0ZjM3ZTNlZDczNC5qcGciLCJzbGlkZXNob3ciOiIyNTJkYjIzIn0%3D\" href='https:\/\/pp1pawlowice.pl\/wp-content\/uploads\/2026\/01\/c6b09855-9ae5-4ac5-bf76-94f37e3ed734.jpg'><img decoding=\"async\" width=\"150\" height=\"150\" src=\"https:\/\/pp1pawlowice.pl\/wp-content\/uploads\/2026\/01\/c6b09855-9ae5-4ac5-bf76-94f37e3ed734-150x150.jpg\" class=\"attachment-thumbnail size-thumbnail\" alt=\"\" \/><\/a>\n\t\t\t<\/div><\/figure><figure class='gallery-item'>\n\t\t\t<div class='gallery-icon landscape'>\n\t\t\t\t<a data-elementor-open-lightbox=\"yes\" data-elementor-lightbox-slideshow=\"252db23\" data-elementor-lightbox-title=\"791100de-cdc4-4bcb-b5a7-c2e1c0ab4fb3\" data-e-action-hash=\"#elementor-action%3Aaction%3Dlightbox%26settings%3DeyJpZCI6Mjg4NCwidXJsIjoiaHR0cHM6XC9cL3BwMXBhd2xvd2ljZS5wbFwvd3AtY29udGVudFwvdXBsb2Fkc1wvMjAyNlwvMDFcLzc5MTEwMGRlLWNkYzQtNGJjYi1iNWE3LWMyZTFjMGFiNGZiMy5qcGciLCJzbGlkZXNob3ciOiIyNTJkYjIzIn0%3D\" href='https:\/\/pp1pawlowice.pl\/wp-content\/uploads\/2026\/01\/791100de-cdc4-4bcb-b5a7-c2e1c0ab4fb3.jpg'><img decoding=\"async\" width=\"150\" height=\"150\" src=\"https:\/\/pp1pawlowice.pl\/wp-content\/uploads\/2026\/01\/791100de-cdc4-4bcb-b5a7-c2e1c0ab4fb3-150x150.jpg\" class=\"attachment-thumbnail size-thumbnail\" alt=\"\" \/><\/a>\n\t\t\t<\/div><\/figure><figure class='gallery-item'>\n\t\t\t<div class='gallery-icon landscape'>\n\t\t\t\t<a data-elementor-open-lightbox=\"yes\" data-elementor-lightbox-slideshow=\"252db23\" data-elementor-lightbox-title=\"10631d21-cdb9-4509-82eb-82c65cd409c5\" data-e-action-hash=\"#elementor-action%3Aaction%3Dlightbox%26settings%3DeyJpZCI6Mjg4MywidXJsIjoiaHR0cHM6XC9cL3BwMXBhd2xvd2ljZS5wbFwvd3AtY29udGVudFwvdXBsb2Fkc1wvMjAyNlwvMDFcLzEwNjMxZDIxLWNkYjktNDUwOS04MmViLTgyYzY1Y2Q0MDljNS5qcGciLCJzbGlkZXNob3ciOiIyNTJkYjIzIn0%3D\" href='https:\/\/pp1pawlowice.pl\/wp-content\/uploads\/2026\/01\/10631d21-cdb9-4509-82eb-82c65cd409c5.jpg'><img decoding=\"async\" width=\"150\" height=\"150\" src=\"https:\/\/pp1pawlowice.pl\/wp-content\/uploads\/2026\/01\/10631d21-cdb9-4509-82eb-82c65cd409c5-150x150.jpg\" class=\"attachment-thumbnail size-thumbnail\" alt=\"\" \/><\/a>\n\t\t\t<\/div><\/figure><figure class='gallery-item'>\n\t\t\t<div class='gallery-icon portrait'>\n\t\t\t\t<a data-elementor-open-lightbox=\"yes\" data-elementor-lightbox-slideshow=\"252db23\" data-elementor-lightbox-title=\"3cc976cd-cb70-4a19-a7f3-2b161bccf2e8\" data-e-action-hash=\"#elementor-action%3Aaction%3Dlightbox%26settings%3DeyJpZCI6Mjg4MiwidXJsIjoiaHR0cHM6XC9cL3BwMXBhd2xvd2ljZS5wbFwvd3AtY29udGVudFwvdXBsb2Fkc1wvMjAyNlwvMDFcLzNjYzk3NmNkLWNiNzAtNGExOS1hN2YzLTJiMTYxYmNjZjJlOC5qcGciLCJzbGlkZXNob3ciOiIyNTJkYjIzIn0%3D\" href='https:\/\/pp1pawlowice.pl\/wp-content\/uploads\/2026\/01\/3cc976cd-cb70-4a19-a7f3-2b161bccf2e8.jpg'><img loading=\"lazy\" decoding=\"async\" width=\"150\" height=\"150\" src=\"https:\/\/pp1pawlowice.pl\/wp-content\/uploads\/2026\/01\/3cc976cd-cb70-4a19-a7f3-2b161bccf2e8-150x150.jpg\" class=\"attachment-thumbnail size-thumbnail\" alt=\"\" \/><\/a>\n\t\t\t<\/div><\/figure>\n\t\t<\/div>\n\t\t<\/div>\n\t\t\t\t\t\t<\/div>\n\t\t\t\t<\/div>\n\t\t\t\t\t<\/div>\n\t\t\t\t<\/div>\n\t\t\t\t<\/div>\n\t\t","protected":false},"excerpt":{"rendered":"<p>\ud83d\ude0a\ud83c\udf08 Warsztaty profilaktyczne \u201eCzuciaki w Krainie Emocji\u201d \ud83c\udf08\ud83d\ude0a W naszym przedszkolu odby\u0142y si\u0119 kolejne warsztaty profilaktyczne prowadzone przez pani\u0105 pedagog specjaln\u0105 oraz psychologa. Tym razem przedszkolaki, po odwiedzinach Wyspy Pana \u0141a\u0142 oraz Wyspy Smutku, gdzie urz\u0119dowa\u0142 Markotek, przenios\u0142y si\u0119 na Wysp\u0119 Rado\u015bci \ud83c\udf89 Na dzieci czeka\u0142a tam \u015amieszka, kt\u00f3ra wprowadzi\u0142a je w \u015bwiat rado\u015bci. Przedszkolaki&#8230;<\/p>\n","protected":false},"author":2,"featured_media":2883,"comment_status":"closed","ping_status":"closed","sticky":false,"template":"","format":"standard","meta":{"_kad_post_transparent":"default","_kad_post_title":"default","_kad_post_layout":"default","_kad_post_sidebar_id":"","_kad_post_content_style":"default","_kad_post_vertical_padding":"default","_kad_post_feature":"","_kad_post_feature_position":"","_kad_post_header":false,"_kad_post_footer":false,"_kad_post_classname":"","footnotes":""},"categories":[1],"tags":[],"class_list":["post-2881","post","type-post","status-publish","format-standard","has-post-thumbnail","hentry","category-z-zycia-przedszkola"],"yoast_head":"<!-- This site is optimized with the Yoast SEO plugin v27.3 - https:\/\/yoast.com\/product\/yoast-seo-wordpress\/ -->\n<title>Podr\u00f3\u017c na wysp\u0119 rado\u015bci - Publiczne Przedszkole nr. 1<\/title>\n<meta name=\"robots\" content=\"index, follow, max-snippet:-1, max-image-preview:large, max-video-preview:-1\" \/>\n<link rel=\"canonical\" href=\"https:\/\/pp1pawlowice.pl\/?p=2881\" \/>\n<meta property=\"og:locale\" content=\"pl_PL\" \/>\n<meta property=\"og:type\" content=\"article\" \/>\n<meta property=\"og:title\" content=\"Podr\u00f3\u017c na wysp\u0119 rado\u015bci - Publiczne Przedszkole nr. 1\" \/>\n<meta property=\"og:description\" content=\"\ud83d\ude0a\ud83c\udf08 Warsztaty profilaktyczne \u201eCzuciaki w Krainie Emocji\u201d \ud83c\udf08\ud83d\ude0a W naszym przedszkolu odby\u0142y si\u0119 kolejne warsztaty profilaktyczne prowadzone przez pani\u0105 pedagog specjaln\u0105 oraz psychologa. Tym razem przedszkolaki, po odwiedzinach Wyspy Pana \u0141a\u0142 oraz Wyspy Smutku, gdzie urz\u0119dowa\u0142 Markotek, przenios\u0142y si\u0119 na Wysp\u0119 Rado\u015bci \ud83c\udf89 Na dzieci czeka\u0142a tam \u015amieszka, kt\u00f3ra wprowadzi\u0142a je w \u015bwiat rado\u015bci. Przedszkolaki...\" \/>\n<meta property=\"og:url\" content=\"https:\/\/pp1pawlowice.pl\/?p=2881\" \/>\n<meta property=\"og:site_name\" content=\"Publiczne Przedszkole nr. 1\" \/>\n<meta property=\"article:published_time\" content=\"2026-01-21T21:55:27+00:00\" \/>\n<meta property=\"article:modified_time\" content=\"2026-01-21T21:56:54+00:00\" \/>\n<meta property=\"og:image\" content=\"https:\/\/pp1pawlowice.pl\/wp-content\/uploads\/2026\/01\/10631d21-cdb9-4509-82eb-82c65cd409c5.jpg\" \/>\n\t<meta property=\"og:image:width\" content=\"2000\" \/>\n\t<meta property=\"og:image:height\" content=\"1500\" \/>\n\t<meta property=\"og:image:type\" content=\"image\/jpeg\" \/>\n<meta name=\"author\" content=\"przedszkole\" \/>\n<meta name=\"twitter:card\" content=\"summary_large_image\" \/>\n<meta name=\"twitter:label1\" content=\"Napisane przez\" \/>\n\t<meta name=\"twitter:data1\" content=\"przedszkole\" \/>\n\t<meta name=\"twitter:label2\" content=\"Szacowany czas czytania\" \/>\n\t<meta name=\"twitter:data2\" content=\"3 minuty\" \/>\n<script type=\"application\/ld+json\" class=\"yoast-schema-graph\">{\"@context\":\"https:\\\/\\\/schema.org\",\"@graph\":[{\"@type\":\"Article\",\"@id\":\"https:\\\/\\\/pp1pawlowice.pl\\\/?p=2881#article\",\"isPartOf\":{\"@id\":\"https:\\\/\\\/pp1pawlowice.pl\\\/?p=2881\"},\"author\":{\"name\":\"przedszkole\",\"@id\":\"https:\\\/\\\/pp1pawlowice.pl\\\/#\\\/schema\\\/person\\\/efbc6fb39a092d62809653de8e1ca02f\"},\"headline\":\"Podr\u00f3\u017c na wysp\u0119 rado\u015bci\",\"datePublished\":\"2026-01-21T21:55:27+00:00\",\"dateModified\":\"2026-01-21T21:56:54+00:00\",\"mainEntityOfPage\":{\"@id\":\"https:\\\/\\\/pp1pawlowice.pl\\\/?p=2881\"},\"wordCount\":143,\"publisher\":{\"@id\":\"https:\\\/\\\/pp1pawlowice.pl\\\/#organization\"},\"image\":{\"@id\":\"https:\\\/\\\/pp1pawlowice.pl\\\/?p=2881#primaryimage\"},\"thumbnailUrl\":\"https:\\\/\\\/pp1pawlowice.pl\\\/wp-content\\\/uploads\\\/2026\\\/01\\\/10631d21-cdb9-4509-82eb-82c65cd409c5.jpg\",\"articleSection\":[\"Z \u017cycia przedszkola\"],\"inLanguage\":\"pl-PL\"},{\"@type\":\"WebPage\",\"@id\":\"https:\\\/\\\/pp1pawlowice.pl\\\/?p=2881\",\"url\":\"https:\\\/\\\/pp1pawlowice.pl\\\/?p=2881\",\"name\":\"Podr\u00f3\u017c na wysp\u0119 rado\u015bci - Publiczne Przedszkole nr. 1\",\"isPartOf\":{\"@id\":\"https:\\\/\\\/pp1pawlowice.pl\\\/#website\"},\"primaryImageOfPage\":{\"@id\":\"https:\\\/\\\/pp1pawlowice.pl\\\/?p=2881#primaryimage\"},\"image\":{\"@id\":\"https:\\\/\\\/pp1pawlowice.pl\\\/?p=2881#primaryimage\"},\"thumbnailUrl\":\"https:\\\/\\\/pp1pawlowice.pl\\\/wp-content\\\/uploads\\\/2026\\\/01\\\/10631d21-cdb9-4509-82eb-82c65cd409c5.jpg\",\"datePublished\":\"2026-01-21T21:55:27+00:00\",\"dateModified\":\"2026-01-21T21:56:54+00:00\",\"breadcrumb\":{\"@id\":\"https:\\\/\\\/pp1pawlowice.pl\\\/?p=2881#breadcrumb\"},\"inLanguage\":\"pl-PL\",\"potentialAction\":[{\"@type\":\"ReadAction\",\"target\":[\"https:\\\/\\\/pp1pawlowice.pl\\\/?p=2881\"]}]},{\"@type\":\"ImageObject\",\"inLanguage\":\"pl-PL\",\"@id\":\"https:\\\/\\\/pp1pawlowice.pl\\\/?p=2881#primaryimage\",\"url\":\"https:\\\/\\\/pp1pawlowice.pl\\\/wp-content\\\/uploads\\\/2026\\\/01\\\/10631d21-cdb9-4509-82eb-82c65cd409c5.jpg\",\"contentUrl\":\"https:\\\/\\\/pp1pawlowice.pl\\\/wp-content\\\/uploads\\\/2026\\\/01\\\/10631d21-cdb9-4509-82eb-82c65cd409c5.jpg\",\"width\":2000,\"height\":1500},{\"@type\":\"BreadcrumbList\",\"@id\":\"https:\\\/\\\/pp1pawlowice.pl\\\/?p=2881#breadcrumb\",\"itemListElement\":[{\"@type\":\"ListItem\",\"position\":1,\"name\":\"Strona g\u0142\u00f3wna\",\"item\":\"https:\\\/\\\/pp1pawlowice.pl\\\/\"},{\"@type\":\"ListItem\",\"position\":2,\"name\":\"Podr\u00f3\u017c na wysp\u0119 rado\u015bci\"}]},{\"@type\":\"WebSite\",\"@id\":\"https:\\\/\\\/pp1pawlowice.pl\\\/#website\",\"url\":\"https:\\\/\\\/pp1pawlowice.pl\\\/\",\"name\":\"Publiczne Przedszkole nr. 1\",\"description\":\"\",\"publisher\":{\"@id\":\"https:\\\/\\\/pp1pawlowice.pl\\\/#organization\"},\"potentialAction\":[{\"@type\":\"SearchAction\",\"target\":{\"@type\":\"EntryPoint\",\"urlTemplate\":\"https:\\\/\\\/pp1pawlowice.pl\\\/?s={search_term_string}\"},\"query-input\":{\"@type\":\"PropertyValueSpecification\",\"valueRequired\":true,\"valueName\":\"search_term_string\"}}],\"inLanguage\":\"pl-PL\"},{\"@type\":\"Organization\",\"@id\":\"https:\\\/\\\/pp1pawlowice.pl\\\/#organization\",\"name\":\"Publiczne Przedszkole nr. 1\",\"url\":\"https:\\\/\\\/pp1pawlowice.pl\\\/\",\"logo\":{\"@type\":\"ImageObject\",\"inLanguage\":\"pl-PL\",\"@id\":\"https:\\\/\\\/pp1pawlowice.pl\\\/#\\\/schema\\\/logo\\\/image\\\/\",\"url\":\"https:\\\/\\\/pp1pawlowice.pl\\\/wp-content\\\/uploads\\\/2024\\\/03\\\/logoPP1.png\",\"contentUrl\":\"https:\\\/\\\/pp1pawlowice.pl\\\/wp-content\\\/uploads\\\/2024\\\/03\\\/logoPP1.png\",\"width\":600,\"height\":552,\"caption\":\"Publiczne Przedszkole nr. 1\"},\"image\":{\"@id\":\"https:\\\/\\\/pp1pawlowice.pl\\\/#\\\/schema\\\/logo\\\/image\\\/\"}},{\"@type\":\"Person\",\"@id\":\"https:\\\/\\\/pp1pawlowice.pl\\\/#\\\/schema\\\/person\\\/efbc6fb39a092d62809653de8e1ca02f\",\"name\":\"przedszkole\",\"image\":{\"@type\":\"ImageObject\",\"inLanguage\":\"pl-PL\",\"@id\":\"https:\\\/\\\/secure.gravatar.com\\\/avatar\\\/dda7f09373f14e16ae6db0998bc48a76045f6854e018a0e31e0b00ca138e7f34?s=96&d=mm&r=g\",\"url\":\"https:\\\/\\\/secure.gravatar.com\\\/avatar\\\/dda7f09373f14e16ae6db0998bc48a76045f6854e018a0e31e0b00ca138e7f34?s=96&d=mm&r=g\",\"contentUrl\":\"https:\\\/\\\/secure.gravatar.com\\\/avatar\\\/dda7f09373f14e16ae6db0998bc48a76045f6854e018a0e31e0b00ca138e7f34?s=96&d=mm&r=g\",\"caption\":\"przedszkole\"},\"url\":\"https:\\\/\\\/pp1pawlowice.pl\\\/?author=2\"}]}<\/script>\n<!-- \/ Yoast SEO plugin. -->","yoast_head_json":{"title":"Podr\u00f3\u017c na wysp\u0119 rado\u015bci - Publiczne Przedszkole nr. 1","robots":{"index":"index","follow":"follow","max-snippet":"max-snippet:-1","max-image-preview":"max-image-preview:large","max-video-preview":"max-video-preview:-1"},"canonical":"https:\/\/pp1pawlowice.pl\/?p=2881","og_locale":"pl_PL","og_type":"article","og_title":"Podr\u00f3\u017c na wysp\u0119 rado\u015bci - Publiczne Przedszkole nr. 1","og_description":"\ud83d\ude0a\ud83c\udf08 Warsztaty profilaktyczne \u201eCzuciaki w Krainie Emocji\u201d \ud83c\udf08\ud83d\ude0a W naszym przedszkolu odby\u0142y si\u0119 kolejne warsztaty profilaktyczne prowadzone przez pani\u0105 pedagog specjaln\u0105 oraz psychologa. Tym razem przedszkolaki, po odwiedzinach Wyspy Pana \u0141a\u0142 oraz Wyspy Smutku, gdzie urz\u0119dowa\u0142 Markotek, przenios\u0142y si\u0119 na Wysp\u0119 Rado\u015bci \ud83c\udf89 Na dzieci czeka\u0142a tam \u015amieszka, kt\u00f3ra wprowadzi\u0142a je w \u015bwiat rado\u015bci. Przedszkolaki...","og_url":"https:\/\/pp1pawlowice.pl\/?p=2881","og_site_name":"Publiczne Przedszkole nr. 1","article_published_time":"2026-01-21T21:55:27+00:00","article_modified_time":"2026-01-21T21:56:54+00:00","og_image":[{"width":2000,"height":1500,"url":"https:\/\/pp1pawlowice.pl\/wp-content\/uploads\/2026\/01\/10631d21-cdb9-4509-82eb-82c65cd409c5.jpg","type":"image\/jpeg"}],"author":"przedszkole","twitter_card":"summary_large_image","twitter_misc":{"Napisane przez":"przedszkole","Szacowany czas czytania":"3 minuty"},"schema":{"@context":"https:\/\/schema.org","@graph":[{"@type":"Article","@id":"https:\/\/pp1pawlowice.pl\/?p=2881#article","isPartOf":{"@id":"https:\/\/pp1pawlowice.pl\/?p=2881"},"author":{"name":"przedszkole","@id":"https:\/\/pp1pawlowice.pl\/#\/schema\/person\/efbc6fb39a092d62809653de8e1ca02f"},"headline":"Podr\u00f3\u017c na wysp\u0119 rado\u015bci","datePublished":"2026-01-21T21:55:27+00:00","dateModified":"2026-01-21T21:56:54+00:00","mainEntityOfPage":{"@id":"https:\/\/pp1pawlowice.pl\/?p=2881"},"wordCount":143,"publisher":{"@id":"https:\/\/pp1pawlowice.pl\/#organization"},"image":{"@id":"https:\/\/pp1pawlowice.pl\/?p=2881#primaryimage"},"thumbnailUrl":"https:\/\/pp1pawlowice.pl\/wp-content\/uploads\/2026\/01\/10631d21-cdb9-4509-82eb-82c65cd409c5.jpg","articleSection":["Z \u017cycia przedszkola"],"inLanguage":"pl-PL"},{"@type":"WebPage","@id":"https:\/\/pp1pawlowice.pl\/?p=2881","url":"https:\/\/pp1pawlowice.pl\/?p=2881","name":"Podr\u00f3\u017c na wysp\u0119 rado\u015bci - Publiczne Przedszkole nr. 1","isPartOf":{"@id":"https:\/\/pp1pawlowice.pl\/#website"},"primaryImageOfPage":{"@id":"https:\/\/pp1pawlowice.pl\/?p=2881#primaryimage"},"image":{"@id":"https:\/\/pp1pawlowice.pl\/?p=2881#primaryimage"},"thumbnailUrl":"https:\/\/pp1pawlowice.pl\/wp-content\/uploads\/2026\/01\/10631d21-cdb9-4509-82eb-82c65cd409c5.jpg","datePublished":"2026-01-21T21:55:27+00:00","dateModified":"2026-01-21T21:56:54+00:00","breadcrumb":{"@id":"https:\/\/pp1pawlowice.pl\/?p=2881#breadcrumb"},"inLanguage":"pl-PL","potentialAction":[{"@type":"ReadAction","target":["https:\/\/pp1pawlowice.pl\/?p=2881"]}]},{"@type":"ImageObject","inLanguage":"pl-PL","@id":"https:\/\/pp1pawlowice.pl\/?p=2881#primaryimage","url":"https:\/\/pp1pawlowice.pl\/wp-content\/uploads\/2026\/01\/10631d21-cdb9-4509-82eb-82c65cd409c5.jpg","contentUrl":"https:\/\/pp1pawlowice.pl\/wp-content\/uploads\/2026\/01\/10631d21-cdb9-4509-82eb-82c65cd409c5.jpg","width":2000,"height":1500},{"@type":"BreadcrumbList","@id":"https:\/\/pp1pawlowice.pl\/?p=2881#breadcrumb","itemListElement":[{"@type":"ListItem","position":1,"name":"Strona g\u0142\u00f3wna","item":"https:\/\/pp1pawlowice.pl\/"},{"@type":"ListItem","position":2,"name":"Podr\u00f3\u017c na wysp\u0119 rado\u015bci"}]},{"@type":"WebSite","@id":"https:\/\/pp1pawlowice.pl\/#website","url":"https:\/\/pp1pawlowice.pl\/","name":"Publiczne Przedszkole nr. 1","description":"","publisher":{"@id":"https:\/\/pp1pawlowice.pl\/#organization"},"potentialAction":[{"@type":"SearchAction","target":{"@type":"EntryPoint","urlTemplate":"https:\/\/pp1pawlowice.pl\/?s={search_term_string}"},"query-input":{"@type":"PropertyValueSpecification","valueRequired":true,"valueName":"search_term_string"}}],"inLanguage":"pl-PL"},{"@type":"Organization","@id":"https:\/\/pp1pawlowice.pl\/#organization","name":"Publiczne Przedszkole nr. 1","url":"https:\/\/pp1pawlowice.pl\/","logo":{"@type":"ImageObject","inLanguage":"pl-PL","@id":"https:\/\/pp1pawlowice.pl\/#\/schema\/logo\/image\/","url":"https:\/\/pp1pawlowice.pl\/wp-content\/uploads\/2024\/03\/logoPP1.png","contentUrl":"https:\/\/pp1pawlowice.pl\/wp-content\/uploads\/2024\/03\/logoPP1.png","width":600,"height":552,"caption":"Publiczne Przedszkole nr. 1"},"image":{"@id":"https:\/\/pp1pawlowice.pl\/#\/schema\/logo\/image\/"}},{"@type":"Person","@id":"https:\/\/pp1pawlowice.pl\/#\/schema\/person\/efbc6fb39a092d62809653de8e1ca02f","name":"przedszkole","image":{"@type":"ImageObject","inLanguage":"pl-PL","@id":"https:\/\/secure.gravatar.com\/avatar\/dda7f09373f14e16ae6db0998bc48a76045f6854e018a0e31e0b00ca138e7f34?s=96&d=mm&r=g","url":"https:\/\/secure.gravatar.com\/avatar\/dda7f09373f14e16ae6db0998bc48a76045f6854e018a0e31e0b00ca138e7f34?s=96&d=mm&r=g","contentUrl":"https:\/\/secure.gravatar.com\/avatar\/dda7f09373f14e16ae6db0998bc48a76045f6854e018a0e31e0b00ca138e7f34?s=96&d=mm&r=g","caption":"przedszkole"},"url":"https:\/\/pp1pawlowice.pl\/?author=2"}]}},"_links":{"self":[{"href":"https:\/\/pp1pawlowice.pl\/index.php?rest_route=\/wp\/v2\/posts\/2881","targetHints":{"allow":["GET"]}}],"collection":[{"href":"https:\/\/pp1pawlowice.pl\/index.php?rest_route=\/wp\/v2\/posts"}],"about":[{"href":"https:\/\/pp1pawlowice.pl\/index.php?rest_route=\/wp\/v2\/types\/post"}],"author":[{"embeddable":true,"href":"https:\/\/pp1pawlowice.pl\/index.php?rest_route=\/wp\/v2\/users\/2"}],"replies":[{"embeddable":true,"href":"https:\/\/pp1pawlowice.pl\/index.php?rest_route=%2Fwp%2Fv2%2Fcomments&post=2881"}],"version-history":[{"count":4,"href":"https:\/\/pp1pawlowice.pl\/index.php?rest_route=\/wp\/v2\/posts\/2881\/revisions"}],"predecessor-version":[{"id":2889,"href":"https:\/\/pp1pawlowice.pl\/index.php?rest_route=\/wp\/v2\/posts\/2881\/revisions\/2889"}],"wp:featuredmedia":[{"embeddable":true,"href":"https:\/\/pp1pawlowice.pl\/index.php?rest_route=\/wp\/v2\/media\/2883"}],"wp:attachment":[{"href":"https:\/\/pp1pawlowice.pl\/index.php?rest_route=%2Fwp%2Fv2%2Fmedia&parent=2881"}],"wp:term":[{"taxonomy":"category","embeddable":true,"href":"https:\/\/pp1pawlowice.pl\/index.php?rest_route=%2Fwp%2Fv2%2Fcategories&post=2881"},{"taxonomy":"post_tag","embeddable":true,"href":"https:\/\/pp1pawlowice.pl\/index.php?rest_route=%2Fwp%2Fv2%2Ftags&post=2881"}],"curies":[{"name":"wp","href":"https:\/\/api.w.org\/{rel}","templated":true}]}}