{"id":2021,"date":"2025-09-04T22:32:55","date_gmt":"2025-09-04T20:32:55","guid":{"rendered":"https:\/\/pp1pawlowice.pl\/?p=2021"},"modified":"2025-09-04T22:42:13","modified_gmt":"2025-09-04T20:42:13","slug":"pierwsze-dni-w-nowym-roku-szkolnym-2025-2026","status":"publish","type":"post","link":"https:\/\/pp1pawlowice.pl\/?p=2021","title":{"rendered":"Pierwsze dni w nowym roku szkolnym 2025\/2026"},"content":{"rendered":"<p><strong data-start=\"147\" data-end=\"253\">Przesy\u0142amy fotorelacj\u0119 z pierwszych chwil w przedszkolnych progach. Jak wida\u0107 u\u015bmiech\u00f3w nie brakuje!<\/strong><\/p>\n<p><br data-start=\"253\" data-end=\"256\" \/>Dzieci z ciekawo\u015bci\u0105 poznaj\u0105 nowe miejsce, koleg\u00f3w i kole\u017canki oraz panie wychowawczynie.<br data-start=\"345\" data-end=\"348\" \/>Pierwszy tydzie\u0144 to czas adaptacji, pe\u0142en zabawy, \u015bmiechu, a czasem i odrobiny t\u0119sknoty \u2013 wszystko to w ciep\u0142ej i wspieraj\u0105cej atmosferze. Zapraszamy do \u015bledzenia naszych kolejnych relacji!<\/p>\n<p>&nbsp;<\/p>\n<p><img fetchpriority=\"high\" decoding=\"async\" class=\"alignnone wp-image-2024\" src=\"https:\/\/pp1pawlowice.pl\/wp-content\/uploads\/2025\/09\/ee0fea1c-cbed-4e3a-8eb2-6c02ffec41d2-300x253.jpg\" alt=\"\" width=\"790\" height=\"666\" srcset=\"https:\/\/pp1pawlowice.pl\/wp-content\/uploads\/2025\/09\/ee0fea1c-cbed-4e3a-8eb2-6c02ffec41d2-300x253.jpg 300w, https:\/\/pp1pawlowice.pl\/wp-content\/uploads\/2025\/09\/ee0fea1c-cbed-4e3a-8eb2-6c02ffec41d2-1024x863.jpg 1024w, https:\/\/pp1pawlowice.pl\/wp-content\/uploads\/2025\/09\/ee0fea1c-cbed-4e3a-8eb2-6c02ffec41d2-768x647.jpg 768w, https:\/\/pp1pawlowice.pl\/wp-content\/uploads\/2025\/09\/ee0fea1c-cbed-4e3a-8eb2-6c02ffec41d2-1536x1294.jpg 1536w, https:\/\/pp1pawlowice.pl\/wp-content\/uploads\/2025\/09\/ee0fea1c-cbed-4e3a-8eb2-6c02ffec41d2.jpg 1600w\" sizes=\"(max-width: 790px) 100vw, 790px\" \/> <img decoding=\"async\" class=\"alignnone wp-image-2023\" src=\"https:\/\/pp1pawlowice.pl\/wp-content\/uploads\/2025\/09\/3657ade5-8714-4124-b45b-bc5b8fc2e4c2-300x254.jpg\" alt=\"\" width=\"785\" height=\"665\" \/> <img decoding=\"async\" class=\"alignnone wp-image-2022\" src=\"https:\/\/pp1pawlowice.pl\/wp-content\/uploads\/2025\/09\/95f40b3b-3577-47ed-b4ee-9665473e1d0e-300x225.jpg\" alt=\"\" width=\"783\" height=\"587\" srcset=\"https:\/\/pp1pawlowice.pl\/wp-content\/uploads\/2025\/09\/95f40b3b-3577-47ed-b4ee-9665473e1d0e-300x225.jpg 300w, https:\/\/pp1pawlowice.pl\/wp-content\/uploads\/2025\/09\/95f40b3b-3577-47ed-b4ee-9665473e1d0e-1024x768.jpg 1024w, https:\/\/pp1pawlowice.pl\/wp-content\/uploads\/2025\/09\/95f40b3b-3577-47ed-b4ee-9665473e1d0e-768x576.jpg 768w, https:\/\/pp1pawlowice.pl\/wp-content\/uploads\/2025\/09\/95f40b3b-3577-47ed-b4ee-9665473e1d0e-1536x1152.jpg 1536w, https:\/\/pp1pawlowice.pl\/wp-content\/uploads\/2025\/09\/95f40b3b-3577-47ed-b4ee-9665473e1d0e.jpg 1824w\" sizes=\"(max-width: 783px) 100vw, 783px\" \/><\/p>\n<p><img loading=\"lazy\" decoding=\"async\" class=\"alignnone wp-image-2026\" src=\"https:\/\/pp1pawlowice.pl\/wp-content\/uploads\/2025\/09\/Zajaczki-300x212.jpg\" alt=\"\" width=\"778\" height=\"550\" srcset=\"https:\/\/pp1pawlowice.pl\/wp-content\/uploads\/2025\/09\/Zajaczki-300x212.jpg 300w, https:\/\/pp1pawlowice.pl\/wp-content\/uploads\/2025\/09\/Zajaczki-1024x724.jpg 1024w, https:\/\/pp1pawlowice.pl\/wp-content\/uploads\/2025\/09\/Zajaczki-768x543.jpg 768w, https:\/\/pp1pawlowice.pl\/wp-content\/uploads\/2025\/09\/Zajaczki-1536x1086.jpg 1536w, https:\/\/pp1pawlowice.pl\/wp-content\/uploads\/2025\/09\/Zajaczki-2048x1448.jpg 2048w\" sizes=\"(max-width: 778px) 100vw, 778px\" \/><img loading=\"lazy\" decoding=\"async\" class=\"alignnone wp-image-2032\" src=\"https:\/\/pp1pawlowice.pl\/wp-content\/uploads\/2025\/09\/Projekt-bez-nazwy-2-1-300x212.jpg\" alt=\"\" width=\"778\" height=\"550\" srcset=\"https:\/\/pp1pawlowice.pl\/wp-content\/uploads\/2025\/09\/Projekt-bez-nazwy-2-1-300x212.jpg 300w, https:\/\/pp1pawlowice.pl\/wp-content\/uploads\/2025\/09\/Projekt-bez-nazwy-2-1-1024x724.jpg 1024w, https:\/\/pp1pawlowice.pl\/wp-content\/uploads\/2025\/09\/Projekt-bez-nazwy-2-1-768x543.jpg 768w, https:\/\/pp1pawlowice.pl\/wp-content\/uploads\/2025\/09\/Projekt-bez-nazwy-2-1-1536x1086.jpg 1536w, https:\/\/pp1pawlowice.pl\/wp-content\/uploads\/2025\/09\/Projekt-bez-nazwy-2-1-2048x1448.jpg 2048w\" sizes=\"(max-width: 778px) 100vw, 778px\" \/><\/p>\n<p><img loading=\"lazy\" decoding=\"async\" class=\"alignnone  wp-image-2034\" src=\"https:\/\/pp1pawlowice.pl\/wp-content\/uploads\/2025\/09\/88930c8e-d0f3-4039-8214-f7536a746f5f-300x225.jpg\" alt=\"\" width=\"777\" height=\"583\" srcset=\"https:\/\/pp1pawlowice.pl\/wp-content\/uploads\/2025\/09\/88930c8e-d0f3-4039-8214-f7536a746f5f-300x225.jpg 300w, https:\/\/pp1pawlowice.pl\/wp-content\/uploads\/2025\/09\/88930c8e-d0f3-4039-8214-f7536a746f5f-1024x768.jpg 1024w, https:\/\/pp1pawlowice.pl\/wp-content\/uploads\/2025\/09\/88930c8e-d0f3-4039-8214-f7536a746f5f-768x576.jpg 768w, https:\/\/pp1pawlowice.pl\/wp-content\/uploads\/2025\/09\/88930c8e-d0f3-4039-8214-f7536a746f5f-1536x1152.jpg 1536w, https:\/\/pp1pawlowice.pl\/wp-content\/uploads\/2025\/09\/88930c8e-d0f3-4039-8214-f7536a746f5f.jpg 1600w\" sizes=\"(max-width: 777px) 100vw, 777px\" \/><\/p>\n","protected":false},"excerpt":{"rendered":"<p>Przesy\u0142amy fotorelacj\u0119 z pierwszych chwil w przedszkolnych progach. Jak wida\u0107 u\u015bmiech\u00f3w nie brakuje! Dzieci z ciekawo\u015bci\u0105 poznaj\u0105 nowe miejsce, koleg\u00f3w i kole\u017canki oraz panie wychowawczynie.Pierwszy tydzie\u0144 to czas adaptacji, pe\u0142en zabawy, \u015bmiechu, a czasem i odrobiny t\u0119sknoty \u2013 wszystko to w ciep\u0142ej i wspieraj\u0105cej atmosferze. Zapraszamy do \u015bledzenia naszych kolejnych relacji! &nbsp;<\/p>\n","protected":false},"author":2,"featured_media":2022,"comment_status":"closed","ping_status":"closed","sticky":false,"template":"","format":"standard","meta":{"_kad_post_transparent":"default","_kad_post_title":"default","_kad_post_layout":"default","_kad_post_sidebar_id":"","_kad_post_content_style":"default","_kad_post_vertical_padding":"default","_kad_post_feature":"","_kad_post_feature_position":"","_kad_post_header":false,"_kad_post_footer":false,"_kad_post_classname":"","footnotes":""},"categories":[1],"tags":[],"class_list":["post-2021","post","type-post","status-publish","format-standard","has-post-thumbnail","hentry","category-z-zycia-przedszkola"],"yoast_head":"<!-- This site is optimized with the Yoast SEO plugin v27.3 - https:\/\/yoast.com\/product\/yoast-seo-wordpress\/ -->\n<title>Pierwsze dni w nowym roku szkolnym 2025\/2026 - Publiczne Przedszkole nr. 1<\/title>\n<meta name=\"robots\" content=\"index, follow, max-snippet:-1, max-image-preview:large, max-video-preview:-1\" \/>\n<link rel=\"canonical\" href=\"https:\/\/pp1pawlowice.pl\/?p=2021\" \/>\n<meta property=\"og:locale\" content=\"pl_PL\" \/>\n<meta property=\"og:type\" content=\"article\" \/>\n<meta property=\"og:title\" content=\"Pierwsze dni w nowym roku szkolnym 2025\/2026 - Publiczne Przedszkole nr. 1\" \/>\n<meta property=\"og:description\" content=\"Przesy\u0142amy fotorelacj\u0119 z pierwszych chwil w przedszkolnych progach. Jak wida\u0107 u\u015bmiech\u00f3w nie brakuje! Dzieci z ciekawo\u015bci\u0105 poznaj\u0105 nowe miejsce, koleg\u00f3w i kole\u017canki oraz panie wychowawczynie.Pierwszy tydzie\u0144 to czas adaptacji, pe\u0142en zabawy, \u015bmiechu, a czasem i odrobiny t\u0119sknoty \u2013 wszystko to w ciep\u0142ej i wspieraj\u0105cej atmosferze. Zapraszamy do \u015bledzenia naszych kolejnych relacji! &nbsp;\" \/>\n<meta property=\"og:url\" content=\"https:\/\/pp1pawlowice.pl\/?p=2021\" \/>\n<meta property=\"og:site_name\" content=\"Publiczne Przedszkole nr. 1\" \/>\n<meta property=\"article:published_time\" content=\"2025-09-04T20:32:55+00:00\" \/>\n<meta property=\"article:modified_time\" content=\"2025-09-04T20:42:13+00:00\" \/>\n<meta property=\"og:image\" content=\"https:\/\/pp1pawlowice.pl\/wp-content\/uploads\/2025\/09\/95f40b3b-3577-47ed-b4ee-9665473e1d0e.jpg\" \/>\n\t<meta property=\"og:image:width\" content=\"1824\" \/>\n\t<meta property=\"og:image:height\" content=\"1368\" \/>\n\t<meta property=\"og:image:type\" content=\"image\/jpeg\" \/>\n<meta name=\"author\" content=\"przedszkole\" \/>\n<meta name=\"twitter:card\" content=\"summary_large_image\" \/>\n<meta name=\"twitter:label1\" content=\"Napisane przez\" \/>\n\t<meta name=\"twitter:data1\" content=\"przedszkole\" \/>\n\t<meta name=\"twitter:label2\" content=\"Szacowany czas czytania\" \/>\n\t<meta name=\"twitter:data2\" content=\"2 minuty\" \/>\n<script type=\"application\/ld+json\" class=\"yoast-schema-graph\">{\"@context\":\"https:\\\/\\\/schema.org\",\"@graph\":[{\"@type\":\"Article\",\"@id\":\"https:\\\/\\\/pp1pawlowice.pl\\\/?p=2021#article\",\"isPartOf\":{\"@id\":\"https:\\\/\\\/pp1pawlowice.pl\\\/?p=2021\"},\"author\":{\"name\":\"przedszkole\",\"@id\":\"https:\\\/\\\/pp1pawlowice.pl\\\/#\\\/schema\\\/person\\\/efbc6fb39a092d62809653de8e1ca02f\"},\"headline\":\"Pierwsze dni w nowym roku szkolnym 2025\\\/2026\",\"datePublished\":\"2025-09-04T20:32:55+00:00\",\"dateModified\":\"2025-09-04T20:42:13+00:00\",\"mainEntityOfPage\":{\"@id\":\"https:\\\/\\\/pp1pawlowice.pl\\\/?p=2021\"},\"wordCount\":68,\"publisher\":{\"@id\":\"https:\\\/\\\/pp1pawlowice.pl\\\/#organization\"},\"image\":{\"@id\":\"https:\\\/\\\/pp1pawlowice.pl\\\/?p=2021#primaryimage\"},\"thumbnailUrl\":\"https:\\\/\\\/pp1pawlowice.pl\\\/wp-content\\\/uploads\\\/2025\\\/09\\\/95f40b3b-3577-47ed-b4ee-9665473e1d0e.jpg\",\"articleSection\":[\"Z \u017cycia przedszkola\"],\"inLanguage\":\"pl-PL\"},{\"@type\":\"WebPage\",\"@id\":\"https:\\\/\\\/pp1pawlowice.pl\\\/?p=2021\",\"url\":\"https:\\\/\\\/pp1pawlowice.pl\\\/?p=2021\",\"name\":\"Pierwsze dni w nowym roku szkolnym 2025\\\/2026 - Publiczne Przedszkole nr. 1\",\"isPartOf\":{\"@id\":\"https:\\\/\\\/pp1pawlowice.pl\\\/#website\"},\"primaryImageOfPage\":{\"@id\":\"https:\\\/\\\/pp1pawlowice.pl\\\/?p=2021#primaryimage\"},\"image\":{\"@id\":\"https:\\\/\\\/pp1pawlowice.pl\\\/?p=2021#primaryimage\"},\"thumbnailUrl\":\"https:\\\/\\\/pp1pawlowice.pl\\\/wp-content\\\/uploads\\\/2025\\\/09\\\/95f40b3b-3577-47ed-b4ee-9665473e1d0e.jpg\",\"datePublished\":\"2025-09-04T20:32:55+00:00\",\"dateModified\":\"2025-09-04T20:42:13+00:00\",\"breadcrumb\":{\"@id\":\"https:\\\/\\\/pp1pawlowice.pl\\\/?p=2021#breadcrumb\"},\"inLanguage\":\"pl-PL\",\"potentialAction\":[{\"@type\":\"ReadAction\",\"target\":[\"https:\\\/\\\/pp1pawlowice.pl\\\/?p=2021\"]}]},{\"@type\":\"ImageObject\",\"inLanguage\":\"pl-PL\",\"@id\":\"https:\\\/\\\/pp1pawlowice.pl\\\/?p=2021#primaryimage\",\"url\":\"https:\\\/\\\/pp1pawlowice.pl\\\/wp-content\\\/uploads\\\/2025\\\/09\\\/95f40b3b-3577-47ed-b4ee-9665473e1d0e.jpg\",\"contentUrl\":\"https:\\\/\\\/pp1pawlowice.pl\\\/wp-content\\\/uploads\\\/2025\\\/09\\\/95f40b3b-3577-47ed-b4ee-9665473e1d0e.jpg\",\"width\":1824,\"height\":1368},{\"@type\":\"BreadcrumbList\",\"@id\":\"https:\\\/\\\/pp1pawlowice.pl\\\/?p=2021#breadcrumb\",\"itemListElement\":[{\"@type\":\"ListItem\",\"position\":1,\"name\":\"Strona g\u0142\u00f3wna\",\"item\":\"https:\\\/\\\/pp1pawlowice.pl\\\/\"},{\"@type\":\"ListItem\",\"position\":2,\"name\":\"Pierwsze dni w nowym roku szkolnym 2025\\\/2026\"}]},{\"@type\":\"WebSite\",\"@id\":\"https:\\\/\\\/pp1pawlowice.pl\\\/#website\",\"url\":\"https:\\\/\\\/pp1pawlowice.pl\\\/\",\"name\":\"Publiczne Przedszkole nr. 1\",\"description\":\"\",\"publisher\":{\"@id\":\"https:\\\/\\\/pp1pawlowice.pl\\\/#organization\"},\"potentialAction\":[{\"@type\":\"SearchAction\",\"target\":{\"@type\":\"EntryPoint\",\"urlTemplate\":\"https:\\\/\\\/pp1pawlowice.pl\\\/?s={search_term_string}\"},\"query-input\":{\"@type\":\"PropertyValueSpecification\",\"valueRequired\":true,\"valueName\":\"search_term_string\"}}],\"inLanguage\":\"pl-PL\"},{\"@type\":\"Organization\",\"@id\":\"https:\\\/\\\/pp1pawlowice.pl\\\/#organization\",\"name\":\"Publiczne Przedszkole nr. 1\",\"url\":\"https:\\\/\\\/pp1pawlowice.pl\\\/\",\"logo\":{\"@type\":\"ImageObject\",\"inLanguage\":\"pl-PL\",\"@id\":\"https:\\\/\\\/pp1pawlowice.pl\\\/#\\\/schema\\\/logo\\\/image\\\/\",\"url\":\"https:\\\/\\\/pp1pawlowice.pl\\\/wp-content\\\/uploads\\\/2024\\\/03\\\/logoPP1.png\",\"contentUrl\":\"https:\\\/\\\/pp1pawlowice.pl\\\/wp-content\\\/uploads\\\/2024\\\/03\\\/logoPP1.png\",\"width\":600,\"height\":552,\"caption\":\"Publiczne Przedszkole nr. 1\"},\"image\":{\"@id\":\"https:\\\/\\\/pp1pawlowice.pl\\\/#\\\/schema\\\/logo\\\/image\\\/\"}},{\"@type\":\"Person\",\"@id\":\"https:\\\/\\\/pp1pawlowice.pl\\\/#\\\/schema\\\/person\\\/efbc6fb39a092d62809653de8e1ca02f\",\"name\":\"przedszkole\",\"image\":{\"@type\":\"ImageObject\",\"inLanguage\":\"pl-PL\",\"@id\":\"https:\\\/\\\/secure.gravatar.com\\\/avatar\\\/dda7f09373f14e16ae6db0998bc48a76045f6854e018a0e31e0b00ca138e7f34?s=96&d=mm&r=g\",\"url\":\"https:\\\/\\\/secure.gravatar.com\\\/avatar\\\/dda7f09373f14e16ae6db0998bc48a76045f6854e018a0e31e0b00ca138e7f34?s=96&d=mm&r=g\",\"contentUrl\":\"https:\\\/\\\/secure.gravatar.com\\\/avatar\\\/dda7f09373f14e16ae6db0998bc48a76045f6854e018a0e31e0b00ca138e7f34?s=96&d=mm&r=g\",\"caption\":\"przedszkole\"},\"url\":\"https:\\\/\\\/pp1pawlowice.pl\\\/?author=2\"}]}<\/script>\n<!-- \/ Yoast SEO plugin. -->","yoast_head_json":{"title":"Pierwsze dni w nowym roku szkolnym 2025\/2026 - Publiczne Przedszkole nr. 1","robots":{"index":"index","follow":"follow","max-snippet":"max-snippet:-1","max-image-preview":"max-image-preview:large","max-video-preview":"max-video-preview:-1"},"canonical":"https:\/\/pp1pawlowice.pl\/?p=2021","og_locale":"pl_PL","og_type":"article","og_title":"Pierwsze dni w nowym roku szkolnym 2025\/2026 - Publiczne Przedszkole nr. 1","og_description":"Przesy\u0142amy fotorelacj\u0119 z pierwszych chwil w przedszkolnych progach. Jak wida\u0107 u\u015bmiech\u00f3w nie brakuje! Dzieci z ciekawo\u015bci\u0105 poznaj\u0105 nowe miejsce, koleg\u00f3w i kole\u017canki oraz panie wychowawczynie.Pierwszy tydzie\u0144 to czas adaptacji, pe\u0142en zabawy, \u015bmiechu, a czasem i odrobiny t\u0119sknoty \u2013 wszystko to w ciep\u0142ej i wspieraj\u0105cej atmosferze. Zapraszamy do \u015bledzenia naszych kolejnych relacji! &nbsp;","og_url":"https:\/\/pp1pawlowice.pl\/?p=2021","og_site_name":"Publiczne Przedszkole nr. 1","article_published_time":"2025-09-04T20:32:55+00:00","article_modified_time":"2025-09-04T20:42:13+00:00","og_image":[{"width":1824,"height":1368,"url":"https:\/\/pp1pawlowice.pl\/wp-content\/uploads\/2025\/09\/95f40b3b-3577-47ed-b4ee-9665473e1d0e.jpg","type":"image\/jpeg"}],"author":"przedszkole","twitter_card":"summary_large_image","twitter_misc":{"Napisane przez":"przedszkole","Szacowany czas czytania":"2 minuty"},"schema":{"@context":"https:\/\/schema.org","@graph":[{"@type":"Article","@id":"https:\/\/pp1pawlowice.pl\/?p=2021#article","isPartOf":{"@id":"https:\/\/pp1pawlowice.pl\/?p=2021"},"author":{"name":"przedszkole","@id":"https:\/\/pp1pawlowice.pl\/#\/schema\/person\/efbc6fb39a092d62809653de8e1ca02f"},"headline":"Pierwsze dni w nowym roku szkolnym 2025\/2026","datePublished":"2025-09-04T20:32:55+00:00","dateModified":"2025-09-04T20:42:13+00:00","mainEntityOfPage":{"@id":"https:\/\/pp1pawlowice.pl\/?p=2021"},"wordCount":68,"publisher":{"@id":"https:\/\/pp1pawlowice.pl\/#organization"},"image":{"@id":"https:\/\/pp1pawlowice.pl\/?p=2021#primaryimage"},"thumbnailUrl":"https:\/\/pp1pawlowice.pl\/wp-content\/uploads\/2025\/09\/95f40b3b-3577-47ed-b4ee-9665473e1d0e.jpg","articleSection":["Z \u017cycia przedszkola"],"inLanguage":"pl-PL"},{"@type":"WebPage","@id":"https:\/\/pp1pawlowice.pl\/?p=2021","url":"https:\/\/pp1pawlowice.pl\/?p=2021","name":"Pierwsze dni w nowym roku szkolnym 2025\/2026 - Publiczne Przedszkole nr. 1","isPartOf":{"@id":"https:\/\/pp1pawlowice.pl\/#website"},"primaryImageOfPage":{"@id":"https:\/\/pp1pawlowice.pl\/?p=2021#primaryimage"},"image":{"@id":"https:\/\/pp1pawlowice.pl\/?p=2021#primaryimage"},"thumbnailUrl":"https:\/\/pp1pawlowice.pl\/wp-content\/uploads\/2025\/09\/95f40b3b-3577-47ed-b4ee-9665473e1d0e.jpg","datePublished":"2025-09-04T20:32:55+00:00","dateModified":"2025-09-04T20:42:13+00:00","breadcrumb":{"@id":"https:\/\/pp1pawlowice.pl\/?p=2021#breadcrumb"},"inLanguage":"pl-PL","potentialAction":[{"@type":"ReadAction","target":["https:\/\/pp1pawlowice.pl\/?p=2021"]}]},{"@type":"ImageObject","inLanguage":"pl-PL","@id":"https:\/\/pp1pawlowice.pl\/?p=2021#primaryimage","url":"https:\/\/pp1pawlowice.pl\/wp-content\/uploads\/2025\/09\/95f40b3b-3577-47ed-b4ee-9665473e1d0e.jpg","contentUrl":"https:\/\/pp1pawlowice.pl\/wp-content\/uploads\/2025\/09\/95f40b3b-3577-47ed-b4ee-9665473e1d0e.jpg","width":1824,"height":1368},{"@type":"BreadcrumbList","@id":"https:\/\/pp1pawlowice.pl\/?p=2021#breadcrumb","itemListElement":[{"@type":"ListItem","position":1,"name":"Strona g\u0142\u00f3wna","item":"https:\/\/pp1pawlowice.pl\/"},{"@type":"ListItem","position":2,"name":"Pierwsze dni w nowym roku szkolnym 2025\/2026"}]},{"@type":"WebSite","@id":"https:\/\/pp1pawlowice.pl\/#website","url":"https:\/\/pp1pawlowice.pl\/","name":"Publiczne Przedszkole nr. 1","description":"","publisher":{"@id":"https:\/\/pp1pawlowice.pl\/#organization"},"potentialAction":[{"@type":"SearchAction","target":{"@type":"EntryPoint","urlTemplate":"https:\/\/pp1pawlowice.pl\/?s={search_term_string}"},"query-input":{"@type":"PropertyValueSpecification","valueRequired":true,"valueName":"search_term_string"}}],"inLanguage":"pl-PL"},{"@type":"Organization","@id":"https:\/\/pp1pawlowice.pl\/#organization","name":"Publiczne Przedszkole nr. 1","url":"https:\/\/pp1pawlowice.pl\/","logo":{"@type":"ImageObject","inLanguage":"pl-PL","@id":"https:\/\/pp1pawlowice.pl\/#\/schema\/logo\/image\/","url":"https:\/\/pp1pawlowice.pl\/wp-content\/uploads\/2024\/03\/logoPP1.png","contentUrl":"https:\/\/pp1pawlowice.pl\/wp-content\/uploads\/2024\/03\/logoPP1.png","width":600,"height":552,"caption":"Publiczne Przedszkole nr. 1"},"image":{"@id":"https:\/\/pp1pawlowice.pl\/#\/schema\/logo\/image\/"}},{"@type":"Person","@id":"https:\/\/pp1pawlowice.pl\/#\/schema\/person\/efbc6fb39a092d62809653de8e1ca02f","name":"przedszkole","image":{"@type":"ImageObject","inLanguage":"pl-PL","@id":"https:\/\/secure.gravatar.com\/avatar\/dda7f09373f14e16ae6db0998bc48a76045f6854e018a0e31e0b00ca138e7f34?s=96&d=mm&r=g","url":"https:\/\/secure.gravatar.com\/avatar\/dda7f09373f14e16ae6db0998bc48a76045f6854e018a0e31e0b00ca138e7f34?s=96&d=mm&r=g","contentUrl":"https:\/\/secure.gravatar.com\/avatar\/dda7f09373f14e16ae6db0998bc48a76045f6854e018a0e31e0b00ca138e7f34?s=96&d=mm&r=g","caption":"przedszkole"},"url":"https:\/\/pp1pawlowice.pl\/?author=2"}]}},"_links":{"self":[{"href":"https:\/\/pp1pawlowice.pl\/index.php?rest_route=\/wp\/v2\/posts\/2021","targetHints":{"allow":["GET"]}}],"collection":[{"href":"https:\/\/pp1pawlowice.pl\/index.php?rest_route=\/wp\/v2\/posts"}],"about":[{"href":"https:\/\/pp1pawlowice.pl\/index.php?rest_route=\/wp\/v2\/types\/post"}],"author":[{"embeddable":true,"href":"https:\/\/pp1pawlowice.pl\/index.php?rest_route=\/wp\/v2\/users\/2"}],"replies":[{"embeddable":true,"href":"https:\/\/pp1pawlowice.pl\/index.php?rest_route=%2Fwp%2Fv2%2Fcomments&post=2021"}],"version-history":[{"count":7,"href":"https:\/\/pp1pawlowice.pl\/index.php?rest_route=\/wp\/v2\/posts\/2021\/revisions"}],"predecessor-version":[{"id":2035,"href":"https:\/\/pp1pawlowice.pl\/index.php?rest_route=\/wp\/v2\/posts\/2021\/revisions\/2035"}],"wp:featuredmedia":[{"embeddable":true,"href":"https:\/\/pp1pawlowice.pl\/index.php?rest_route=\/wp\/v2\/media\/2022"}],"wp:attachment":[{"href":"https:\/\/pp1pawlowice.pl\/index.php?rest_route=%2Fwp%2Fv2%2Fmedia&parent=2021"}],"wp:term":[{"taxonomy":"category","embeddable":true,"href":"https:\/\/pp1pawlowice.pl\/index.php?rest_route=%2Fwp%2Fv2%2Fcategories&post=2021"},{"taxonomy":"post_tag","embeddable":true,"href":"https:\/\/pp1pawlowice.pl\/index.php?rest_route=%2Fwp%2Fv2%2Ftags&post=2021"}],"curies":[{"name":"wp","href":"https:\/\/api.w.org\/{rel}","templated":true}]}}