{"id":1923,"date":"2025-06-16T06:16:37","date_gmt":"2025-06-16T04:16:37","guid":{"rendered":"https:\/\/pp1pawlowice.pl\/?p=1923"},"modified":"2025-06-30T21:21:30","modified_gmt":"2025-06-30T19:21:30","slug":"dzien-rodziny-w-grupie-tygryskow","status":"publish","type":"post","link":"https:\/\/pp1pawlowice.pl\/?p=1923","title":{"rendered":"Dzie\u0144 Rodziny w grupie Tygryski"},"content":{"rendered":"<p>Zako\u0144czenie \u00a0w grupie Tygryski-uroczysto\u015b\u0107 z okazji Dnia Mamy i Taty oraz zako\u0144czenie przedszkola sze\u015bciolatk\u00f3w.<\/p>\n<p>&nbsp;<\/p>\n<p><img fetchpriority=\"high\" decoding=\"async\" class=\" wp-image-1926 aligncenter\" src=\"https:\/\/pp1pawlowice.pl\/wp-content\/uploads\/2025\/06\/17ad5da0-7f31-40a2-bcf7-513bc48eb8e5-300x225.jpg\" alt=\"\" width=\"497\" height=\"373\" srcset=\"https:\/\/pp1pawlowice.pl\/wp-content\/uploads\/2025\/06\/17ad5da0-7f31-40a2-bcf7-513bc48eb8e5-300x225.jpg 300w, https:\/\/pp1pawlowice.pl\/wp-content\/uploads\/2025\/06\/17ad5da0-7f31-40a2-bcf7-513bc48eb8e5-1024x768.jpg 1024w, https:\/\/pp1pawlowice.pl\/wp-content\/uploads\/2025\/06\/17ad5da0-7f31-40a2-bcf7-513bc48eb8e5-768x576.jpg 768w, https:\/\/pp1pawlowice.pl\/wp-content\/uploads\/2025\/06\/17ad5da0-7f31-40a2-bcf7-513bc48eb8e5-1536x1152.jpg 1536w, https:\/\/pp1pawlowice.pl\/wp-content\/uploads\/2025\/06\/17ad5da0-7f31-40a2-bcf7-513bc48eb8e5.jpg 2048w\" sizes=\"(max-width: 497px) 100vw, 497px\" \/><\/p>\n<p><img decoding=\"async\" class=\" wp-image-1929 aligncenter\" src=\"https:\/\/pp1pawlowice.pl\/wp-content\/uploads\/2025\/06\/e40a242a-ba98-41b4-bd24-b3e194cf8d5a-1-300x169.jpg\" alt=\"\" width=\"502\" height=\"283\" srcset=\"https:\/\/pp1pawlowice.pl\/wp-content\/uploads\/2025\/06\/e40a242a-ba98-41b4-bd24-b3e194cf8d5a-1-300x169.jpg 300w, https:\/\/pp1pawlowice.pl\/wp-content\/uploads\/2025\/06\/e40a242a-ba98-41b4-bd24-b3e194cf8d5a-1-1024x576.jpg 1024w, https:\/\/pp1pawlowice.pl\/wp-content\/uploads\/2025\/06\/e40a242a-ba98-41b4-bd24-b3e194cf8d5a-1-768x432.jpg 768w, https:\/\/pp1pawlowice.pl\/wp-content\/uploads\/2025\/06\/e40a242a-ba98-41b4-bd24-b3e194cf8d5a-1-1536x864.jpg 1536w, https:\/\/pp1pawlowice.pl\/wp-content\/uploads\/2025\/06\/e40a242a-ba98-41b4-bd24-b3e194cf8d5a-1.jpg 2048w\" sizes=\"(max-width: 502px) 100vw, 502px\" \/><\/p>\n<p><img decoding=\"async\" class=\" wp-image-1928 aligncenter\" src=\"https:\/\/pp1pawlowice.pl\/wp-content\/uploads\/2025\/06\/d049d73c-5600-4dab-844d-720ea3ab2068-300x225.jpg\" alt=\"\" width=\"498\" height=\"373\" srcset=\"https:\/\/pp1pawlowice.pl\/wp-content\/uploads\/2025\/06\/d049d73c-5600-4dab-844d-720ea3ab2068-300x225.jpg 300w, https:\/\/pp1pawlowice.pl\/wp-content\/uploads\/2025\/06\/d049d73c-5600-4dab-844d-720ea3ab2068-1024x768.jpg 1024w, https:\/\/pp1pawlowice.pl\/wp-content\/uploads\/2025\/06\/d049d73c-5600-4dab-844d-720ea3ab2068-768x576.jpg 768w, https:\/\/pp1pawlowice.pl\/wp-content\/uploads\/2025\/06\/d049d73c-5600-4dab-844d-720ea3ab2068-1536x1152.jpg 1536w, https:\/\/pp1pawlowice.pl\/wp-content\/uploads\/2025\/06\/d049d73c-5600-4dab-844d-720ea3ab2068.jpg 2048w\" sizes=\"(max-width: 498px) 100vw, 498px\" \/><\/p>\n<p><img loading=\"lazy\" decoding=\"async\" class=\" wp-image-1927 aligncenter\" src=\"https:\/\/pp1pawlowice.pl\/wp-content\/uploads\/2025\/06\/141e01cc-3f54-4253-9bc6-d3678cecd69f-1-300x225.jpg\" alt=\"\" width=\"490\" height=\"367\" srcset=\"https:\/\/pp1pawlowice.pl\/wp-content\/uploads\/2025\/06\/141e01cc-3f54-4253-9bc6-d3678cecd69f-1-300x225.jpg 300w, https:\/\/pp1pawlowice.pl\/wp-content\/uploads\/2025\/06\/141e01cc-3f54-4253-9bc6-d3678cecd69f-1-1024x768.jpg 1024w, https:\/\/pp1pawlowice.pl\/wp-content\/uploads\/2025\/06\/141e01cc-3f54-4253-9bc6-d3678cecd69f-1-768x576.jpg 768w, https:\/\/pp1pawlowice.pl\/wp-content\/uploads\/2025\/06\/141e01cc-3f54-4253-9bc6-d3678cecd69f-1-1536x1152.jpg 1536w, https:\/\/pp1pawlowice.pl\/wp-content\/uploads\/2025\/06\/141e01cc-3f54-4253-9bc6-d3678cecd69f-1.jpg 2048w\" sizes=\"(max-width: 490px) 100vw, 490px\" \/><\/p>\n","protected":false},"excerpt":{"rendered":"<p>Zako\u0144czenie \u00a0w grupie Tygryski-uroczysto\u015b\u0107 z okazji Dnia Mamy i Taty oraz zako\u0144czenie przedszkola sze\u015bciolatk\u00f3w. &nbsp;<\/p>\n","protected":false},"author":2,"featured_media":1928,"comment_status":"closed","ping_status":"closed","sticky":false,"template":"","format":"standard","meta":{"_kad_post_transparent":"default","_kad_post_title":"default","_kad_post_layout":"default","_kad_post_sidebar_id":"","_kad_post_content_style":"default","_kad_post_vertical_padding":"default","_kad_post_feature":"","_kad_post_feature_position":"","_kad_post_header":false,"_kad_post_footer":false,"_kad_post_classname":"","footnotes":""},"categories":[1],"tags":[],"class_list":["post-1923","post","type-post","status-publish","format-standard","has-post-thumbnail","hentry","category-z-zycia-przedszkola"],"yoast_head":"<!-- This site is optimized with the Yoast SEO plugin v27.3 - https:\/\/yoast.com\/product\/yoast-seo-wordpress\/ -->\n<title>Dzie\u0144 Rodziny w grupie Tygryski - Publiczne Przedszkole nr. 1<\/title>\n<meta name=\"robots\" content=\"index, follow, max-snippet:-1, max-image-preview:large, max-video-preview:-1\" \/>\n<link rel=\"canonical\" href=\"https:\/\/pp1pawlowice.pl\/?p=1923\" \/>\n<meta property=\"og:locale\" content=\"pl_PL\" \/>\n<meta property=\"og:type\" content=\"article\" \/>\n<meta property=\"og:title\" content=\"Dzie\u0144 Rodziny w grupie Tygryski - Publiczne Przedszkole nr. 1\" \/>\n<meta property=\"og:description\" content=\"Zako\u0144czenie \u00a0w grupie Tygryski-uroczysto\u015b\u0107 z okazji Dnia Mamy i Taty oraz zako\u0144czenie przedszkola sze\u015bciolatk\u00f3w. &nbsp;\" \/>\n<meta property=\"og:url\" content=\"https:\/\/pp1pawlowice.pl\/?p=1923\" \/>\n<meta property=\"og:site_name\" content=\"Publiczne Przedszkole nr. 1\" \/>\n<meta property=\"article:published_time\" content=\"2025-06-16T04:16:37+00:00\" \/>\n<meta property=\"article:modified_time\" content=\"2025-06-30T19:21:30+00:00\" \/>\n<meta property=\"og:image\" content=\"https:\/\/pp1pawlowice.pl\/wp-content\/uploads\/2025\/06\/d049d73c-5600-4dab-844d-720ea3ab2068.jpg\" \/>\n\t<meta property=\"og:image:width\" content=\"2048\" \/>\n\t<meta property=\"og:image:height\" content=\"1536\" \/>\n\t<meta property=\"og:image:type\" content=\"image\/jpeg\" \/>\n<meta name=\"author\" content=\"przedszkole\" \/>\n<meta name=\"twitter:card\" content=\"summary_large_image\" \/>\n<meta name=\"twitter:label1\" content=\"Napisane przez\" \/>\n\t<meta name=\"twitter:data1\" content=\"przedszkole\" \/>\n\t<meta name=\"twitter:label2\" content=\"Szacowany czas czytania\" \/>\n\t<meta name=\"twitter:data2\" content=\"2 minuty\" \/>\n<script type=\"application\/ld+json\" class=\"yoast-schema-graph\">{\"@context\":\"https:\\\/\\\/schema.org\",\"@graph\":[{\"@type\":\"Article\",\"@id\":\"https:\\\/\\\/pp1pawlowice.pl\\\/?p=1923#article\",\"isPartOf\":{\"@id\":\"https:\\\/\\\/pp1pawlowice.pl\\\/?p=1923\"},\"author\":{\"name\":\"przedszkole\",\"@id\":\"https:\\\/\\\/pp1pawlowice.pl\\\/#\\\/schema\\\/person\\\/efbc6fb39a092d62809653de8e1ca02f\"},\"headline\":\"Dzie\u0144 Rodziny w grupie Tygryski\",\"datePublished\":\"2025-06-16T04:16:37+00:00\",\"dateModified\":\"2025-06-30T19:21:30+00:00\",\"mainEntityOfPage\":{\"@id\":\"https:\\\/\\\/pp1pawlowice.pl\\\/?p=1923\"},\"wordCount\":24,\"publisher\":{\"@id\":\"https:\\\/\\\/pp1pawlowice.pl\\\/#organization\"},\"image\":{\"@id\":\"https:\\\/\\\/pp1pawlowice.pl\\\/?p=1923#primaryimage\"},\"thumbnailUrl\":\"https:\\\/\\\/pp1pawlowice.pl\\\/wp-content\\\/uploads\\\/2025\\\/06\\\/d049d73c-5600-4dab-844d-720ea3ab2068.jpg\",\"articleSection\":[\"Z \u017cycia przedszkola\"],\"inLanguage\":\"pl-PL\"},{\"@type\":\"WebPage\",\"@id\":\"https:\\\/\\\/pp1pawlowice.pl\\\/?p=1923\",\"url\":\"https:\\\/\\\/pp1pawlowice.pl\\\/?p=1923\",\"name\":\"Dzie\u0144 Rodziny w grupie Tygryski - Publiczne Przedszkole nr. 1\",\"isPartOf\":{\"@id\":\"https:\\\/\\\/pp1pawlowice.pl\\\/#website\"},\"primaryImageOfPage\":{\"@id\":\"https:\\\/\\\/pp1pawlowice.pl\\\/?p=1923#primaryimage\"},\"image\":{\"@id\":\"https:\\\/\\\/pp1pawlowice.pl\\\/?p=1923#primaryimage\"},\"thumbnailUrl\":\"https:\\\/\\\/pp1pawlowice.pl\\\/wp-content\\\/uploads\\\/2025\\\/06\\\/d049d73c-5600-4dab-844d-720ea3ab2068.jpg\",\"datePublished\":\"2025-06-16T04:16:37+00:00\",\"dateModified\":\"2025-06-30T19:21:30+00:00\",\"breadcrumb\":{\"@id\":\"https:\\\/\\\/pp1pawlowice.pl\\\/?p=1923#breadcrumb\"},\"inLanguage\":\"pl-PL\",\"potentialAction\":[{\"@type\":\"ReadAction\",\"target\":[\"https:\\\/\\\/pp1pawlowice.pl\\\/?p=1923\"]}]},{\"@type\":\"ImageObject\",\"inLanguage\":\"pl-PL\",\"@id\":\"https:\\\/\\\/pp1pawlowice.pl\\\/?p=1923#primaryimage\",\"url\":\"https:\\\/\\\/pp1pawlowice.pl\\\/wp-content\\\/uploads\\\/2025\\\/06\\\/d049d73c-5600-4dab-844d-720ea3ab2068.jpg\",\"contentUrl\":\"https:\\\/\\\/pp1pawlowice.pl\\\/wp-content\\\/uploads\\\/2025\\\/06\\\/d049d73c-5600-4dab-844d-720ea3ab2068.jpg\",\"width\":2048,\"height\":1536},{\"@type\":\"BreadcrumbList\",\"@id\":\"https:\\\/\\\/pp1pawlowice.pl\\\/?p=1923#breadcrumb\",\"itemListElement\":[{\"@type\":\"ListItem\",\"position\":1,\"name\":\"Strona g\u0142\u00f3wna\",\"item\":\"https:\\\/\\\/pp1pawlowice.pl\\\/\"},{\"@type\":\"ListItem\",\"position\":2,\"name\":\"Dzie\u0144 Rodziny w grupie Tygryski\"}]},{\"@type\":\"WebSite\",\"@id\":\"https:\\\/\\\/pp1pawlowice.pl\\\/#website\",\"url\":\"https:\\\/\\\/pp1pawlowice.pl\\\/\",\"name\":\"Publiczne Przedszkole nr. 1\",\"description\":\"\",\"publisher\":{\"@id\":\"https:\\\/\\\/pp1pawlowice.pl\\\/#organization\"},\"potentialAction\":[{\"@type\":\"SearchAction\",\"target\":{\"@type\":\"EntryPoint\",\"urlTemplate\":\"https:\\\/\\\/pp1pawlowice.pl\\\/?s={search_term_string}\"},\"query-input\":{\"@type\":\"PropertyValueSpecification\",\"valueRequired\":true,\"valueName\":\"search_term_string\"}}],\"inLanguage\":\"pl-PL\"},{\"@type\":\"Organization\",\"@id\":\"https:\\\/\\\/pp1pawlowice.pl\\\/#organization\",\"name\":\"Publiczne Przedszkole nr. 1\",\"url\":\"https:\\\/\\\/pp1pawlowice.pl\\\/\",\"logo\":{\"@type\":\"ImageObject\",\"inLanguage\":\"pl-PL\",\"@id\":\"https:\\\/\\\/pp1pawlowice.pl\\\/#\\\/schema\\\/logo\\\/image\\\/\",\"url\":\"https:\\\/\\\/pp1pawlowice.pl\\\/wp-content\\\/uploads\\\/2024\\\/03\\\/logoPP1.png\",\"contentUrl\":\"https:\\\/\\\/pp1pawlowice.pl\\\/wp-content\\\/uploads\\\/2024\\\/03\\\/logoPP1.png\",\"width\":600,\"height\":552,\"caption\":\"Publiczne Przedszkole nr. 1\"},\"image\":{\"@id\":\"https:\\\/\\\/pp1pawlowice.pl\\\/#\\\/schema\\\/logo\\\/image\\\/\"}},{\"@type\":\"Person\",\"@id\":\"https:\\\/\\\/pp1pawlowice.pl\\\/#\\\/schema\\\/person\\\/efbc6fb39a092d62809653de8e1ca02f\",\"name\":\"przedszkole\",\"image\":{\"@type\":\"ImageObject\",\"inLanguage\":\"pl-PL\",\"@id\":\"https:\\\/\\\/secure.gravatar.com\\\/avatar\\\/dda7f09373f14e16ae6db0998bc48a76045f6854e018a0e31e0b00ca138e7f34?s=96&d=mm&r=g\",\"url\":\"https:\\\/\\\/secure.gravatar.com\\\/avatar\\\/dda7f09373f14e16ae6db0998bc48a76045f6854e018a0e31e0b00ca138e7f34?s=96&d=mm&r=g\",\"contentUrl\":\"https:\\\/\\\/secure.gravatar.com\\\/avatar\\\/dda7f09373f14e16ae6db0998bc48a76045f6854e018a0e31e0b00ca138e7f34?s=96&d=mm&r=g\",\"caption\":\"przedszkole\"},\"url\":\"https:\\\/\\\/pp1pawlowice.pl\\\/?author=2\"}]}<\/script>\n<!-- \/ Yoast SEO plugin. -->","yoast_head_json":{"title":"Dzie\u0144 Rodziny w grupie Tygryski - Publiczne Przedszkole nr. 1","robots":{"index":"index","follow":"follow","max-snippet":"max-snippet:-1","max-image-preview":"max-image-preview:large","max-video-preview":"max-video-preview:-1"},"canonical":"https:\/\/pp1pawlowice.pl\/?p=1923","og_locale":"pl_PL","og_type":"article","og_title":"Dzie\u0144 Rodziny w grupie Tygryski - Publiczne Przedszkole nr. 1","og_description":"Zako\u0144czenie \u00a0w grupie Tygryski-uroczysto\u015b\u0107 z okazji Dnia Mamy i Taty oraz zako\u0144czenie przedszkola sze\u015bciolatk\u00f3w. &nbsp;","og_url":"https:\/\/pp1pawlowice.pl\/?p=1923","og_site_name":"Publiczne Przedszkole nr. 1","article_published_time":"2025-06-16T04:16:37+00:00","article_modified_time":"2025-06-30T19:21:30+00:00","og_image":[{"width":2048,"height":1536,"url":"https:\/\/pp1pawlowice.pl\/wp-content\/uploads\/2025\/06\/d049d73c-5600-4dab-844d-720ea3ab2068.jpg","type":"image\/jpeg"}],"author":"przedszkole","twitter_card":"summary_large_image","twitter_misc":{"Napisane przez":"przedszkole","Szacowany czas czytania":"2 minuty"},"schema":{"@context":"https:\/\/schema.org","@graph":[{"@type":"Article","@id":"https:\/\/pp1pawlowice.pl\/?p=1923#article","isPartOf":{"@id":"https:\/\/pp1pawlowice.pl\/?p=1923"},"author":{"name":"przedszkole","@id":"https:\/\/pp1pawlowice.pl\/#\/schema\/person\/efbc6fb39a092d62809653de8e1ca02f"},"headline":"Dzie\u0144 Rodziny w grupie Tygryski","datePublished":"2025-06-16T04:16:37+00:00","dateModified":"2025-06-30T19:21:30+00:00","mainEntityOfPage":{"@id":"https:\/\/pp1pawlowice.pl\/?p=1923"},"wordCount":24,"publisher":{"@id":"https:\/\/pp1pawlowice.pl\/#organization"},"image":{"@id":"https:\/\/pp1pawlowice.pl\/?p=1923#primaryimage"},"thumbnailUrl":"https:\/\/pp1pawlowice.pl\/wp-content\/uploads\/2025\/06\/d049d73c-5600-4dab-844d-720ea3ab2068.jpg","articleSection":["Z \u017cycia przedszkola"],"inLanguage":"pl-PL"},{"@type":"WebPage","@id":"https:\/\/pp1pawlowice.pl\/?p=1923","url":"https:\/\/pp1pawlowice.pl\/?p=1923","name":"Dzie\u0144 Rodziny w grupie Tygryski - Publiczne Przedszkole nr. 1","isPartOf":{"@id":"https:\/\/pp1pawlowice.pl\/#website"},"primaryImageOfPage":{"@id":"https:\/\/pp1pawlowice.pl\/?p=1923#primaryimage"},"image":{"@id":"https:\/\/pp1pawlowice.pl\/?p=1923#primaryimage"},"thumbnailUrl":"https:\/\/pp1pawlowice.pl\/wp-content\/uploads\/2025\/06\/d049d73c-5600-4dab-844d-720ea3ab2068.jpg","datePublished":"2025-06-16T04:16:37+00:00","dateModified":"2025-06-30T19:21:30+00:00","breadcrumb":{"@id":"https:\/\/pp1pawlowice.pl\/?p=1923#breadcrumb"},"inLanguage":"pl-PL","potentialAction":[{"@type":"ReadAction","target":["https:\/\/pp1pawlowice.pl\/?p=1923"]}]},{"@type":"ImageObject","inLanguage":"pl-PL","@id":"https:\/\/pp1pawlowice.pl\/?p=1923#primaryimage","url":"https:\/\/pp1pawlowice.pl\/wp-content\/uploads\/2025\/06\/d049d73c-5600-4dab-844d-720ea3ab2068.jpg","contentUrl":"https:\/\/pp1pawlowice.pl\/wp-content\/uploads\/2025\/06\/d049d73c-5600-4dab-844d-720ea3ab2068.jpg","width":2048,"height":1536},{"@type":"BreadcrumbList","@id":"https:\/\/pp1pawlowice.pl\/?p=1923#breadcrumb","itemListElement":[{"@type":"ListItem","position":1,"name":"Strona g\u0142\u00f3wna","item":"https:\/\/pp1pawlowice.pl\/"},{"@type":"ListItem","position":2,"name":"Dzie\u0144 Rodziny w grupie Tygryski"}]},{"@type":"WebSite","@id":"https:\/\/pp1pawlowice.pl\/#website","url":"https:\/\/pp1pawlowice.pl\/","name":"Publiczne Przedszkole nr. 1","description":"","publisher":{"@id":"https:\/\/pp1pawlowice.pl\/#organization"},"potentialAction":[{"@type":"SearchAction","target":{"@type":"EntryPoint","urlTemplate":"https:\/\/pp1pawlowice.pl\/?s={search_term_string}"},"query-input":{"@type":"PropertyValueSpecification","valueRequired":true,"valueName":"search_term_string"}}],"inLanguage":"pl-PL"},{"@type":"Organization","@id":"https:\/\/pp1pawlowice.pl\/#organization","name":"Publiczne Przedszkole nr. 1","url":"https:\/\/pp1pawlowice.pl\/","logo":{"@type":"ImageObject","inLanguage":"pl-PL","@id":"https:\/\/pp1pawlowice.pl\/#\/schema\/logo\/image\/","url":"https:\/\/pp1pawlowice.pl\/wp-content\/uploads\/2024\/03\/logoPP1.png","contentUrl":"https:\/\/pp1pawlowice.pl\/wp-content\/uploads\/2024\/03\/logoPP1.png","width":600,"height":552,"caption":"Publiczne Przedszkole nr. 1"},"image":{"@id":"https:\/\/pp1pawlowice.pl\/#\/schema\/logo\/image\/"}},{"@type":"Person","@id":"https:\/\/pp1pawlowice.pl\/#\/schema\/person\/efbc6fb39a092d62809653de8e1ca02f","name":"przedszkole","image":{"@type":"ImageObject","inLanguage":"pl-PL","@id":"https:\/\/secure.gravatar.com\/avatar\/dda7f09373f14e16ae6db0998bc48a76045f6854e018a0e31e0b00ca138e7f34?s=96&d=mm&r=g","url":"https:\/\/secure.gravatar.com\/avatar\/dda7f09373f14e16ae6db0998bc48a76045f6854e018a0e31e0b00ca138e7f34?s=96&d=mm&r=g","contentUrl":"https:\/\/secure.gravatar.com\/avatar\/dda7f09373f14e16ae6db0998bc48a76045f6854e018a0e31e0b00ca138e7f34?s=96&d=mm&r=g","caption":"przedszkole"},"url":"https:\/\/pp1pawlowice.pl\/?author=2"}]}},"_links":{"self":[{"href":"https:\/\/pp1pawlowice.pl\/index.php?rest_route=\/wp\/v2\/posts\/1923","targetHints":{"allow":["GET"]}}],"collection":[{"href":"https:\/\/pp1pawlowice.pl\/index.php?rest_route=\/wp\/v2\/posts"}],"about":[{"href":"https:\/\/pp1pawlowice.pl\/index.php?rest_route=\/wp\/v2\/types\/post"}],"author":[{"embeddable":true,"href":"https:\/\/pp1pawlowice.pl\/index.php?rest_route=\/wp\/v2\/users\/2"}],"replies":[{"embeddable":true,"href":"https:\/\/pp1pawlowice.pl\/index.php?rest_route=%2Fwp%2Fv2%2Fcomments&post=1923"}],"version-history":[{"count":3,"href":"https:\/\/pp1pawlowice.pl\/index.php?rest_route=\/wp\/v2\/posts\/1923\/revisions"}],"predecessor-version":[{"id":1990,"href":"https:\/\/pp1pawlowice.pl\/index.php?rest_route=\/wp\/v2\/posts\/1923\/revisions\/1990"}],"wp:featuredmedia":[{"embeddable":true,"href":"https:\/\/pp1pawlowice.pl\/index.php?rest_route=\/wp\/v2\/media\/1928"}],"wp:attachment":[{"href":"https:\/\/pp1pawlowice.pl\/index.php?rest_route=%2Fwp%2Fv2%2Fmedia&parent=1923"}],"wp:term":[{"taxonomy":"category","embeddable":true,"href":"https:\/\/pp1pawlowice.pl\/index.php?rest_route=%2Fwp%2Fv2%2Fcategories&post=1923"},{"taxonomy":"post_tag","embeddable":true,"href":"https:\/\/pp1pawlowice.pl\/index.php?rest_route=%2Fwp%2Fv2%2Ftags&post=1923"}],"curies":[{"name":"wp","href":"https:\/\/api.w.org\/{rel}","templated":true}]}}