{"id":1871,"date":"2025-06-11T22:48:30","date_gmt":"2025-06-11T20:48:30","guid":{"rendered":"https:\/\/pp1pawlowice.pl\/?p=1871"},"modified":"2025-06-11T22:50:23","modified_gmt":"2025-06-11T20:50:23","slug":"przedstawienie-z-okazji-dnia-dziecka","status":"publish","type":"post","link":"https:\/\/pp1pawlowice.pl\/?p=1871","title":{"rendered":"Przedstawienie z okazji Dnia Dziecka"},"content":{"rendered":"<p>Dnia 2.06 nauczycielki przygotowa\u0142y dla Dzieci przedstawienie pt. &#8222;Rzepka&#8221; wcielaj\u0105c si\u0119 w r\u00f3\u017cne postacie wymienione w wierszu Juliana Tuwima o tym samym tytule. \u00a0\u015amiechom nie by\u0142o ko\u0144ca.<\/p>\n<p><img fetchpriority=\"high\" decoding=\"async\" class=\"alignnone wp-image-1872\" src=\"https:\/\/pp1pawlowice.pl\/wp-content\/uploads\/2025\/06\/94933B7A-DE8E-442C-B849-0D26142CB98A-300x169.png\" alt=\"\" width=\"873\" height=\"492\" srcset=\"https:\/\/pp1pawlowice.pl\/wp-content\/uploads\/2025\/06\/94933B7A-DE8E-442C-B849-0D26142CB98A-300x169.png 300w, https:\/\/pp1pawlowice.pl\/wp-content\/uploads\/2025\/06\/94933B7A-DE8E-442C-B849-0D26142CB98A-1024x576.png 1024w, https:\/\/pp1pawlowice.pl\/wp-content\/uploads\/2025\/06\/94933B7A-DE8E-442C-B849-0D26142CB98A-768x432.png 768w, https:\/\/pp1pawlowice.pl\/wp-content\/uploads\/2025\/06\/94933B7A-DE8E-442C-B849-0D26142CB98A-1536x864.png 1536w, https:\/\/pp1pawlowice.pl\/wp-content\/uploads\/2025\/06\/94933B7A-DE8E-442C-B849-0D26142CB98A.png 1920w\" sizes=\"(max-width: 873px) 100vw, 873px\" \/><img decoding=\"async\" class=\"wp-image-1873 aligncenter\" src=\"https:\/\/pp1pawlowice.pl\/wp-content\/uploads\/2025\/06\/IMG_20250602_104258-300x225.jpg\" alt=\"\" width=\"713\" height=\"535\" srcset=\"https:\/\/pp1pawlowice.pl\/wp-content\/uploads\/2025\/06\/IMG_20250602_104258-300x225.jpg 300w, https:\/\/pp1pawlowice.pl\/wp-content\/uploads\/2025\/06\/IMG_20250602_104258-1024x768.jpg 1024w, https:\/\/pp1pawlowice.pl\/wp-content\/uploads\/2025\/06\/IMG_20250602_104258-768x576.jpg 768w, https:\/\/pp1pawlowice.pl\/wp-content\/uploads\/2025\/06\/IMG_20250602_104258-1536x1152.jpg 1536w, https:\/\/pp1pawlowice.pl\/wp-content\/uploads\/2025\/06\/IMG_20250602_104258-2048x1536.jpg 2048w\" sizes=\"(max-width: 713px) 100vw, 713px\" \/> <img decoding=\"async\" class=\"wp-image-1874 aligncenter\" src=\"https:\/\/pp1pawlowice.pl\/wp-content\/uploads\/2025\/06\/IMG_20250602_104417-300x225.jpg\" alt=\"\" width=\"713\" height=\"535\" srcset=\"https:\/\/pp1pawlowice.pl\/wp-content\/uploads\/2025\/06\/IMG_20250602_104417-300x225.jpg 300w, https:\/\/pp1pawlowice.pl\/wp-content\/uploads\/2025\/06\/IMG_20250602_104417-1024x768.jpg 1024w, https:\/\/pp1pawlowice.pl\/wp-content\/uploads\/2025\/06\/IMG_20250602_104417-768x576.jpg 768w, https:\/\/pp1pawlowice.pl\/wp-content\/uploads\/2025\/06\/IMG_20250602_104417-1536x1152.jpg 1536w, https:\/\/pp1pawlowice.pl\/wp-content\/uploads\/2025\/06\/IMG_20250602_104417-2048x1536.jpg 2048w\" sizes=\"(max-width: 713px) 100vw, 713px\" \/> <img loading=\"lazy\" decoding=\"async\" class=\"wp-image-1875 aligncenter\" src=\"https:\/\/pp1pawlowice.pl\/wp-content\/uploads\/2025\/06\/IMG_20250602_105150-300x225.jpg\" alt=\"\" width=\"714\" height=\"535\" srcset=\"https:\/\/pp1pawlowice.pl\/wp-content\/uploads\/2025\/06\/IMG_20250602_105150-300x225.jpg 300w, https:\/\/pp1pawlowice.pl\/wp-content\/uploads\/2025\/06\/IMG_20250602_105150-1024x768.jpg 1024w, https:\/\/pp1pawlowice.pl\/wp-content\/uploads\/2025\/06\/IMG_20250602_105150-768x576.jpg 768w, https:\/\/pp1pawlowice.pl\/wp-content\/uploads\/2025\/06\/IMG_20250602_105150-1536x1152.jpg 1536w, https:\/\/pp1pawlowice.pl\/wp-content\/uploads\/2025\/06\/IMG_20250602_105150-2048x1536.jpg 2048w\" sizes=\"(max-width: 714px) 100vw, 714px\" \/> <img loading=\"lazy\" decoding=\"async\" class=\"wp-image-1876 aligncenter\" src=\"https:\/\/pp1pawlowice.pl\/wp-content\/uploads\/2025\/06\/IMG_20250602_105320-300x225.jpg\" alt=\"\" width=\"709\" height=\"532\" srcset=\"https:\/\/pp1pawlowice.pl\/wp-content\/uploads\/2025\/06\/IMG_20250602_105320-300x225.jpg 300w, https:\/\/pp1pawlowice.pl\/wp-content\/uploads\/2025\/06\/IMG_20250602_105320-1024x768.jpg 1024w, https:\/\/pp1pawlowice.pl\/wp-content\/uploads\/2025\/06\/IMG_20250602_105320-768x576.jpg 768w, https:\/\/pp1pawlowice.pl\/wp-content\/uploads\/2025\/06\/IMG_20250602_105320-1536x1152.jpg 1536w, https:\/\/pp1pawlowice.pl\/wp-content\/uploads\/2025\/06\/IMG_20250602_105320-2048x1536.jpg 2048w\" sizes=\"(max-width: 709px) 100vw, 709px\" \/> <img loading=\"lazy\" decoding=\"async\" class=\"wp-image-1877 aligncenter\" src=\"https:\/\/pp1pawlowice.pl\/wp-content\/uploads\/2025\/06\/IMG_20250602_105404-300x225.jpg\" alt=\"\" width=\"713\" height=\"535\" srcset=\"https:\/\/pp1pawlowice.pl\/wp-content\/uploads\/2025\/06\/IMG_20250602_105404-300x225.jpg 300w, https:\/\/pp1pawlowice.pl\/wp-content\/uploads\/2025\/06\/IMG_20250602_105404-1024x768.jpg 1024w, https:\/\/pp1pawlowice.pl\/wp-content\/uploads\/2025\/06\/IMG_20250602_105404-768x576.jpg 768w, https:\/\/pp1pawlowice.pl\/wp-content\/uploads\/2025\/06\/IMG_20250602_105404-1536x1152.jpg 1536w, https:\/\/pp1pawlowice.pl\/wp-content\/uploads\/2025\/06\/IMG_20250602_105404-2048x1536.jpg 2048w\" sizes=\"(max-width: 713px) 100vw, 713px\" \/><\/p>\n","protected":false},"excerpt":{"rendered":"<p>Dnia 2.06 nauczycielki przygotowa\u0142y dla Dzieci przedstawienie pt. &#8222;Rzepka&#8221; wcielaj\u0105c si\u0119 w r\u00f3\u017cne postacie wymienione w wierszu Juliana Tuwima o tym samym tytule. \u00a0\u015amiechom nie by\u0142o ko\u0144ca.<\/p>\n","protected":false},"author":2,"featured_media":1877,"comment_status":"closed","ping_status":"closed","sticky":false,"template":"","format":"standard","meta":{"_kad_post_transparent":"default","_kad_post_title":"default","_kad_post_layout":"default","_kad_post_sidebar_id":"","_kad_post_content_style":"default","_kad_post_vertical_padding":"default","_kad_post_feature":"","_kad_post_feature_position":"","_kad_post_header":false,"_kad_post_footer":false,"_kad_post_classname":"","footnotes":""},"categories":[1],"tags":[],"class_list":["post-1871","post","type-post","status-publish","format-standard","has-post-thumbnail","hentry","category-z-zycia-przedszkola"],"yoast_head":"<!-- This site is optimized with the Yoast SEO plugin v27.3 - https:\/\/yoast.com\/product\/yoast-seo-wordpress\/ -->\n<title>Przedstawienie z okazji Dnia Dziecka - Publiczne Przedszkole nr. 1<\/title>\n<meta name=\"robots\" content=\"index, follow, max-snippet:-1, max-image-preview:large, max-video-preview:-1\" \/>\n<link rel=\"canonical\" href=\"https:\/\/pp1pawlowice.pl\/?p=1871\" \/>\n<meta property=\"og:locale\" content=\"pl_PL\" \/>\n<meta property=\"og:type\" content=\"article\" \/>\n<meta property=\"og:title\" content=\"Przedstawienie z okazji Dnia Dziecka - Publiczne Przedszkole nr. 1\" \/>\n<meta property=\"og:description\" content=\"Dnia 2.06 nauczycielki przygotowa\u0142y dla Dzieci przedstawienie pt. &#8222;Rzepka&#8221; wcielaj\u0105c si\u0119 w r\u00f3\u017cne postacie wymienione w wierszu Juliana Tuwima o tym samym tytule. \u00a0\u015amiechom nie by\u0142o ko\u0144ca.\" \/>\n<meta property=\"og:url\" content=\"https:\/\/pp1pawlowice.pl\/?p=1871\" \/>\n<meta property=\"og:site_name\" content=\"Publiczne Przedszkole nr. 1\" \/>\n<meta property=\"article:published_time\" content=\"2025-06-11T20:48:30+00:00\" \/>\n<meta property=\"article:modified_time\" content=\"2025-06-11T20:50:23+00:00\" \/>\n<meta property=\"og:image\" content=\"https:\/\/pp1pawlowice.pl\/wp-content\/uploads\/2025\/06\/IMG_20250602_105404-scaled.jpg\" \/>\n\t<meta property=\"og:image:width\" content=\"2560\" \/>\n\t<meta property=\"og:image:height\" content=\"1920\" \/>\n\t<meta property=\"og:image:type\" content=\"image\/jpeg\" \/>\n<meta name=\"author\" content=\"przedszkole\" \/>\n<meta name=\"twitter:card\" content=\"summary_large_image\" \/>\n<meta name=\"twitter:label1\" content=\"Napisane przez\" \/>\n\t<meta name=\"twitter:data1\" content=\"przedszkole\" \/>\n\t<meta name=\"twitter:label2\" content=\"Szacowany czas czytania\" \/>\n\t<meta name=\"twitter:data2\" content=\"2 minuty\" \/>\n<script type=\"application\/ld+json\" class=\"yoast-schema-graph\">{\"@context\":\"https:\\\/\\\/schema.org\",\"@graph\":[{\"@type\":\"Article\",\"@id\":\"https:\\\/\\\/pp1pawlowice.pl\\\/?p=1871#article\",\"isPartOf\":{\"@id\":\"https:\\\/\\\/pp1pawlowice.pl\\\/?p=1871\"},\"author\":{\"name\":\"przedszkole\",\"@id\":\"https:\\\/\\\/pp1pawlowice.pl\\\/#\\\/schema\\\/person\\\/efbc6fb39a092d62809653de8e1ca02f\"},\"headline\":\"Przedstawienie z okazji Dnia Dziecka\",\"datePublished\":\"2025-06-11T20:48:30+00:00\",\"dateModified\":\"2025-06-11T20:50:23+00:00\",\"mainEntityOfPage\":{\"@id\":\"https:\\\/\\\/pp1pawlowice.pl\\\/?p=1871\"},\"wordCount\":36,\"publisher\":{\"@id\":\"https:\\\/\\\/pp1pawlowice.pl\\\/#organization\"},\"image\":{\"@id\":\"https:\\\/\\\/pp1pawlowice.pl\\\/?p=1871#primaryimage\"},\"thumbnailUrl\":\"https:\\\/\\\/pp1pawlowice.pl\\\/wp-content\\\/uploads\\\/2025\\\/06\\\/IMG_20250602_105404-scaled.jpg\",\"articleSection\":[\"Z \u017cycia przedszkola\"],\"inLanguage\":\"pl-PL\"},{\"@type\":\"WebPage\",\"@id\":\"https:\\\/\\\/pp1pawlowice.pl\\\/?p=1871\",\"url\":\"https:\\\/\\\/pp1pawlowice.pl\\\/?p=1871\",\"name\":\"Przedstawienie z okazji Dnia Dziecka - Publiczne Przedszkole nr. 1\",\"isPartOf\":{\"@id\":\"https:\\\/\\\/pp1pawlowice.pl\\\/#website\"},\"primaryImageOfPage\":{\"@id\":\"https:\\\/\\\/pp1pawlowice.pl\\\/?p=1871#primaryimage\"},\"image\":{\"@id\":\"https:\\\/\\\/pp1pawlowice.pl\\\/?p=1871#primaryimage\"},\"thumbnailUrl\":\"https:\\\/\\\/pp1pawlowice.pl\\\/wp-content\\\/uploads\\\/2025\\\/06\\\/IMG_20250602_105404-scaled.jpg\",\"datePublished\":\"2025-06-11T20:48:30+00:00\",\"dateModified\":\"2025-06-11T20:50:23+00:00\",\"breadcrumb\":{\"@id\":\"https:\\\/\\\/pp1pawlowice.pl\\\/?p=1871#breadcrumb\"},\"inLanguage\":\"pl-PL\",\"potentialAction\":[{\"@type\":\"ReadAction\",\"target\":[\"https:\\\/\\\/pp1pawlowice.pl\\\/?p=1871\"]}]},{\"@type\":\"ImageObject\",\"inLanguage\":\"pl-PL\",\"@id\":\"https:\\\/\\\/pp1pawlowice.pl\\\/?p=1871#primaryimage\",\"url\":\"https:\\\/\\\/pp1pawlowice.pl\\\/wp-content\\\/uploads\\\/2025\\\/06\\\/IMG_20250602_105404-scaled.jpg\",\"contentUrl\":\"https:\\\/\\\/pp1pawlowice.pl\\\/wp-content\\\/uploads\\\/2025\\\/06\\\/IMG_20250602_105404-scaled.jpg\",\"width\":2560,\"height\":1920},{\"@type\":\"BreadcrumbList\",\"@id\":\"https:\\\/\\\/pp1pawlowice.pl\\\/?p=1871#breadcrumb\",\"itemListElement\":[{\"@type\":\"ListItem\",\"position\":1,\"name\":\"Strona g\u0142\u00f3wna\",\"item\":\"https:\\\/\\\/pp1pawlowice.pl\\\/\"},{\"@type\":\"ListItem\",\"position\":2,\"name\":\"Przedstawienie z okazji Dnia Dziecka\"}]},{\"@type\":\"WebSite\",\"@id\":\"https:\\\/\\\/pp1pawlowice.pl\\\/#website\",\"url\":\"https:\\\/\\\/pp1pawlowice.pl\\\/\",\"name\":\"Publiczne Przedszkole nr. 1\",\"description\":\"\",\"publisher\":{\"@id\":\"https:\\\/\\\/pp1pawlowice.pl\\\/#organization\"},\"potentialAction\":[{\"@type\":\"SearchAction\",\"target\":{\"@type\":\"EntryPoint\",\"urlTemplate\":\"https:\\\/\\\/pp1pawlowice.pl\\\/?s={search_term_string}\"},\"query-input\":{\"@type\":\"PropertyValueSpecification\",\"valueRequired\":true,\"valueName\":\"search_term_string\"}}],\"inLanguage\":\"pl-PL\"},{\"@type\":\"Organization\",\"@id\":\"https:\\\/\\\/pp1pawlowice.pl\\\/#organization\",\"name\":\"Publiczne Przedszkole nr. 1\",\"url\":\"https:\\\/\\\/pp1pawlowice.pl\\\/\",\"logo\":{\"@type\":\"ImageObject\",\"inLanguage\":\"pl-PL\",\"@id\":\"https:\\\/\\\/pp1pawlowice.pl\\\/#\\\/schema\\\/logo\\\/image\\\/\",\"url\":\"https:\\\/\\\/pp1pawlowice.pl\\\/wp-content\\\/uploads\\\/2024\\\/03\\\/logoPP1.png\",\"contentUrl\":\"https:\\\/\\\/pp1pawlowice.pl\\\/wp-content\\\/uploads\\\/2024\\\/03\\\/logoPP1.png\",\"width\":600,\"height\":552,\"caption\":\"Publiczne Przedszkole nr. 1\"},\"image\":{\"@id\":\"https:\\\/\\\/pp1pawlowice.pl\\\/#\\\/schema\\\/logo\\\/image\\\/\"}},{\"@type\":\"Person\",\"@id\":\"https:\\\/\\\/pp1pawlowice.pl\\\/#\\\/schema\\\/person\\\/efbc6fb39a092d62809653de8e1ca02f\",\"name\":\"przedszkole\",\"image\":{\"@type\":\"ImageObject\",\"inLanguage\":\"pl-PL\",\"@id\":\"https:\\\/\\\/secure.gravatar.com\\\/avatar\\\/dda7f09373f14e16ae6db0998bc48a76045f6854e018a0e31e0b00ca138e7f34?s=96&d=mm&r=g\",\"url\":\"https:\\\/\\\/secure.gravatar.com\\\/avatar\\\/dda7f09373f14e16ae6db0998bc48a76045f6854e018a0e31e0b00ca138e7f34?s=96&d=mm&r=g\",\"contentUrl\":\"https:\\\/\\\/secure.gravatar.com\\\/avatar\\\/dda7f09373f14e16ae6db0998bc48a76045f6854e018a0e31e0b00ca138e7f34?s=96&d=mm&r=g\",\"caption\":\"przedszkole\"},\"url\":\"https:\\\/\\\/pp1pawlowice.pl\\\/?author=2\"}]}<\/script>\n<!-- \/ Yoast SEO plugin. -->","yoast_head_json":{"title":"Przedstawienie z okazji Dnia Dziecka - Publiczne Przedszkole nr. 1","robots":{"index":"index","follow":"follow","max-snippet":"max-snippet:-1","max-image-preview":"max-image-preview:large","max-video-preview":"max-video-preview:-1"},"canonical":"https:\/\/pp1pawlowice.pl\/?p=1871","og_locale":"pl_PL","og_type":"article","og_title":"Przedstawienie z okazji Dnia Dziecka - Publiczne Przedszkole nr. 1","og_description":"Dnia 2.06 nauczycielki przygotowa\u0142y dla Dzieci przedstawienie pt. &#8222;Rzepka&#8221; wcielaj\u0105c si\u0119 w r\u00f3\u017cne postacie wymienione w wierszu Juliana Tuwima o tym samym tytule. \u00a0\u015amiechom nie by\u0142o ko\u0144ca.","og_url":"https:\/\/pp1pawlowice.pl\/?p=1871","og_site_name":"Publiczne Przedszkole nr. 1","article_published_time":"2025-06-11T20:48:30+00:00","article_modified_time":"2025-06-11T20:50:23+00:00","og_image":[{"width":2560,"height":1920,"url":"https:\/\/pp1pawlowice.pl\/wp-content\/uploads\/2025\/06\/IMG_20250602_105404-scaled.jpg","type":"image\/jpeg"}],"author":"przedszkole","twitter_card":"summary_large_image","twitter_misc":{"Napisane przez":"przedszkole","Szacowany czas czytania":"2 minuty"},"schema":{"@context":"https:\/\/schema.org","@graph":[{"@type":"Article","@id":"https:\/\/pp1pawlowice.pl\/?p=1871#article","isPartOf":{"@id":"https:\/\/pp1pawlowice.pl\/?p=1871"},"author":{"name":"przedszkole","@id":"https:\/\/pp1pawlowice.pl\/#\/schema\/person\/efbc6fb39a092d62809653de8e1ca02f"},"headline":"Przedstawienie z okazji Dnia Dziecka","datePublished":"2025-06-11T20:48:30+00:00","dateModified":"2025-06-11T20:50:23+00:00","mainEntityOfPage":{"@id":"https:\/\/pp1pawlowice.pl\/?p=1871"},"wordCount":36,"publisher":{"@id":"https:\/\/pp1pawlowice.pl\/#organization"},"image":{"@id":"https:\/\/pp1pawlowice.pl\/?p=1871#primaryimage"},"thumbnailUrl":"https:\/\/pp1pawlowice.pl\/wp-content\/uploads\/2025\/06\/IMG_20250602_105404-scaled.jpg","articleSection":["Z \u017cycia przedszkola"],"inLanguage":"pl-PL"},{"@type":"WebPage","@id":"https:\/\/pp1pawlowice.pl\/?p=1871","url":"https:\/\/pp1pawlowice.pl\/?p=1871","name":"Przedstawienie z okazji Dnia Dziecka - Publiczne Przedszkole nr. 1","isPartOf":{"@id":"https:\/\/pp1pawlowice.pl\/#website"},"primaryImageOfPage":{"@id":"https:\/\/pp1pawlowice.pl\/?p=1871#primaryimage"},"image":{"@id":"https:\/\/pp1pawlowice.pl\/?p=1871#primaryimage"},"thumbnailUrl":"https:\/\/pp1pawlowice.pl\/wp-content\/uploads\/2025\/06\/IMG_20250602_105404-scaled.jpg","datePublished":"2025-06-11T20:48:30+00:00","dateModified":"2025-06-11T20:50:23+00:00","breadcrumb":{"@id":"https:\/\/pp1pawlowice.pl\/?p=1871#breadcrumb"},"inLanguage":"pl-PL","potentialAction":[{"@type":"ReadAction","target":["https:\/\/pp1pawlowice.pl\/?p=1871"]}]},{"@type":"ImageObject","inLanguage":"pl-PL","@id":"https:\/\/pp1pawlowice.pl\/?p=1871#primaryimage","url":"https:\/\/pp1pawlowice.pl\/wp-content\/uploads\/2025\/06\/IMG_20250602_105404-scaled.jpg","contentUrl":"https:\/\/pp1pawlowice.pl\/wp-content\/uploads\/2025\/06\/IMG_20250602_105404-scaled.jpg","width":2560,"height":1920},{"@type":"BreadcrumbList","@id":"https:\/\/pp1pawlowice.pl\/?p=1871#breadcrumb","itemListElement":[{"@type":"ListItem","position":1,"name":"Strona g\u0142\u00f3wna","item":"https:\/\/pp1pawlowice.pl\/"},{"@type":"ListItem","position":2,"name":"Przedstawienie z okazji Dnia Dziecka"}]},{"@type":"WebSite","@id":"https:\/\/pp1pawlowice.pl\/#website","url":"https:\/\/pp1pawlowice.pl\/","name":"Publiczne Przedszkole nr. 1","description":"","publisher":{"@id":"https:\/\/pp1pawlowice.pl\/#organization"},"potentialAction":[{"@type":"SearchAction","target":{"@type":"EntryPoint","urlTemplate":"https:\/\/pp1pawlowice.pl\/?s={search_term_string}"},"query-input":{"@type":"PropertyValueSpecification","valueRequired":true,"valueName":"search_term_string"}}],"inLanguage":"pl-PL"},{"@type":"Organization","@id":"https:\/\/pp1pawlowice.pl\/#organization","name":"Publiczne Przedszkole nr. 1","url":"https:\/\/pp1pawlowice.pl\/","logo":{"@type":"ImageObject","inLanguage":"pl-PL","@id":"https:\/\/pp1pawlowice.pl\/#\/schema\/logo\/image\/","url":"https:\/\/pp1pawlowice.pl\/wp-content\/uploads\/2024\/03\/logoPP1.png","contentUrl":"https:\/\/pp1pawlowice.pl\/wp-content\/uploads\/2024\/03\/logoPP1.png","width":600,"height":552,"caption":"Publiczne Przedszkole nr. 1"},"image":{"@id":"https:\/\/pp1pawlowice.pl\/#\/schema\/logo\/image\/"}},{"@type":"Person","@id":"https:\/\/pp1pawlowice.pl\/#\/schema\/person\/efbc6fb39a092d62809653de8e1ca02f","name":"przedszkole","image":{"@type":"ImageObject","inLanguage":"pl-PL","@id":"https:\/\/secure.gravatar.com\/avatar\/dda7f09373f14e16ae6db0998bc48a76045f6854e018a0e31e0b00ca138e7f34?s=96&d=mm&r=g","url":"https:\/\/secure.gravatar.com\/avatar\/dda7f09373f14e16ae6db0998bc48a76045f6854e018a0e31e0b00ca138e7f34?s=96&d=mm&r=g","contentUrl":"https:\/\/secure.gravatar.com\/avatar\/dda7f09373f14e16ae6db0998bc48a76045f6854e018a0e31e0b00ca138e7f34?s=96&d=mm&r=g","caption":"przedszkole"},"url":"https:\/\/pp1pawlowice.pl\/?author=2"}]}},"_links":{"self":[{"href":"https:\/\/pp1pawlowice.pl\/index.php?rest_route=\/wp\/v2\/posts\/1871","targetHints":{"allow":["GET"]}}],"collection":[{"href":"https:\/\/pp1pawlowice.pl\/index.php?rest_route=\/wp\/v2\/posts"}],"about":[{"href":"https:\/\/pp1pawlowice.pl\/index.php?rest_route=\/wp\/v2\/types\/post"}],"author":[{"embeddable":true,"href":"https:\/\/pp1pawlowice.pl\/index.php?rest_route=\/wp\/v2\/users\/2"}],"replies":[{"embeddable":true,"href":"https:\/\/pp1pawlowice.pl\/index.php?rest_route=%2Fwp%2Fv2%2Fcomments&post=1871"}],"version-history":[{"count":3,"href":"https:\/\/pp1pawlowice.pl\/index.php?rest_route=\/wp\/v2\/posts\/1871\/revisions"}],"predecessor-version":[{"id":1880,"href":"https:\/\/pp1pawlowice.pl\/index.php?rest_route=\/wp\/v2\/posts\/1871\/revisions\/1880"}],"wp:featuredmedia":[{"embeddable":true,"href":"https:\/\/pp1pawlowice.pl\/index.php?rest_route=\/wp\/v2\/media\/1877"}],"wp:attachment":[{"href":"https:\/\/pp1pawlowice.pl\/index.php?rest_route=%2Fwp%2Fv2%2Fmedia&parent=1871"}],"wp:term":[{"taxonomy":"category","embeddable":true,"href":"https:\/\/pp1pawlowice.pl\/index.php?rest_route=%2Fwp%2Fv2%2Fcategories&post=1871"},{"taxonomy":"post_tag","embeddable":true,"href":"https:\/\/pp1pawlowice.pl\/index.php?rest_route=%2Fwp%2Fv2%2Ftags&post=1871"}],"curies":[{"name":"wp","href":"https:\/\/api.w.org\/{rel}","templated":true}]}}