{"id":1813,"date":"2025-04-28T13:07:10","date_gmt":"2025-04-28T11:07:10","guid":{"rendered":"https:\/\/pp1pawlowice.pl\/?p=1813"},"modified":"2025-04-28T13:07:10","modified_gmt":"2025-04-28T11:07:10","slug":"dzien-gofra-w-grupie-biedronek","status":"publish","type":"post","link":"https:\/\/pp1pawlowice.pl\/?p=1813","title":{"rendered":"Dzie\u0144 Gofra w grupie Biedronek"},"content":{"rendered":"<p>25.03 Biedroneczki \u015bwi\u0119towa\u0142y Dzie\u0144 Gofra. Wsp\u00f3lnie przygotowali\u015bmy ciasto, a p\u00f3\u017aniej ka\u017cde z dzieci udekorowa\u0142o owocami swojego gofra. By\u0142o pysznie.<\/p>\n<p><img fetchpriority=\"high\" decoding=\"async\" class=\"alignnone size-medium wp-image-1814\" src=\"https:\/\/pp1pawlowice.pl\/wp-content\/uploads\/2025\/04\/1743593856532-225x300.jpg\" alt=\"\" width=\"225\" height=\"300\" srcset=\"https:\/\/pp1pawlowice.pl\/wp-content\/uploads\/2025\/04\/1743593856532-225x300.jpg 225w, https:\/\/pp1pawlowice.pl\/wp-content\/uploads\/2025\/04\/1743593856532-768x1024.jpg 768w, https:\/\/pp1pawlowice.pl\/wp-content\/uploads\/2025\/04\/1743593856532-1152x1536.jpg 1152w, https:\/\/pp1pawlowice.pl\/wp-content\/uploads\/2025\/04\/1743593856532.jpg 1200w\" sizes=\"(max-width: 225px) 100vw, 225px\" \/> <img decoding=\"async\" class=\"alignnone size-medium wp-image-1815\" src=\"https:\/\/pp1pawlowice.pl\/wp-content\/uploads\/2025\/04\/1743593856539-225x300.jpg\" alt=\"\" width=\"225\" height=\"300\" srcset=\"https:\/\/pp1pawlowice.pl\/wp-content\/uploads\/2025\/04\/1743593856539-225x300.jpg 225w, https:\/\/pp1pawlowice.pl\/wp-content\/uploads\/2025\/04\/1743593856539-768x1024.jpg 768w, https:\/\/pp1pawlowice.pl\/wp-content\/uploads\/2025\/04\/1743593856539-1152x1536.jpg 1152w, https:\/\/pp1pawlowice.pl\/wp-content\/uploads\/2025\/04\/1743593856539.jpg 1200w\" sizes=\"(max-width: 225px) 100vw, 225px\" \/> <img decoding=\"async\" class=\"alignnone size-medium wp-image-1816\" src=\"https:\/\/pp1pawlowice.pl\/wp-content\/uploads\/2025\/04\/1743593856546-225x300.jpg\" alt=\"\" width=\"225\" height=\"300\" srcset=\"https:\/\/pp1pawlowice.pl\/wp-content\/uploads\/2025\/04\/1743593856546-225x300.jpg 225w, https:\/\/pp1pawlowice.pl\/wp-content\/uploads\/2025\/04\/1743593856546-768x1024.jpg 768w, https:\/\/pp1pawlowice.pl\/wp-content\/uploads\/2025\/04\/1743593856546-1152x1536.jpg 1152w, https:\/\/pp1pawlowice.pl\/wp-content\/uploads\/2025\/04\/1743593856546.jpg 1200w\" sizes=\"(max-width: 225px) 100vw, 225px\" \/> <img loading=\"lazy\" decoding=\"async\" class=\"alignnone size-medium wp-image-1817\" src=\"https:\/\/pp1pawlowice.pl\/wp-content\/uploads\/2025\/04\/1743593856553-226x300.jpg\" alt=\"\" width=\"226\" height=\"300\" srcset=\"https:\/\/pp1pawlowice.pl\/wp-content\/uploads\/2025\/04\/1743593856553-226x300.jpg 226w, https:\/\/pp1pawlowice.pl\/wp-content\/uploads\/2025\/04\/1743593856553-771x1024.jpg 771w, https:\/\/pp1pawlowice.pl\/wp-content\/uploads\/2025\/04\/1743593856553-768x1020.jpg 768w, https:\/\/pp1pawlowice.pl\/wp-content\/uploads\/2025\/04\/1743593856553-1157x1536.jpg 1157w, https:\/\/pp1pawlowice.pl\/wp-content\/uploads\/2025\/04\/1743593856553-1542x2048.jpg 1542w, https:\/\/pp1pawlowice.pl\/wp-content\/uploads\/2025\/04\/1743593856553-scaled.jpg 1928w\" sizes=\"(max-width: 226px) 100vw, 226px\" \/> <img loading=\"lazy\" decoding=\"async\" class=\"alignnone size-medium wp-image-1818\" src=\"https:\/\/pp1pawlowice.pl\/wp-content\/uploads\/2025\/04\/1743593856559-300x226.jpg\" alt=\"\" width=\"300\" height=\"226\" srcset=\"https:\/\/pp1pawlowice.pl\/wp-content\/uploads\/2025\/04\/1743593856559-300x226.jpg 300w, https:\/\/pp1pawlowice.pl\/wp-content\/uploads\/2025\/04\/1743593856559-1024x771.jpg 1024w, https:\/\/pp1pawlowice.pl\/wp-content\/uploads\/2025\/04\/1743593856559-768x578.jpg 768w, https:\/\/pp1pawlowice.pl\/wp-content\/uploads\/2025\/04\/1743593856559-1536x1157.jpg 1536w, https:\/\/pp1pawlowice.pl\/wp-content\/uploads\/2025\/04\/1743593856559-2048x1542.jpg 2048w\" sizes=\"(max-width: 300px) 100vw, 300px\" \/><\/p>\n","protected":false},"excerpt":{"rendered":"<p>25.03 Biedroneczki \u015bwi\u0119towa\u0142y Dzie\u0144 Gofra. Wsp\u00f3lnie przygotowali\u015bmy ciasto, a p\u00f3\u017aniej ka\u017cde z dzieci udekorowa\u0142o owocami swojego gofra. By\u0142o pysznie.<\/p>\n","protected":false},"author":2,"featured_media":1818,"comment_status":"closed","ping_status":"closed","sticky":false,"template":"","format":"standard","meta":{"_kad_post_transparent":"default","_kad_post_title":"default","_kad_post_layout":"default","_kad_post_sidebar_id":"","_kad_post_content_style":"default","_kad_post_vertical_padding":"default","_kad_post_feature":"","_kad_post_feature_position":"","_kad_post_header":false,"_kad_post_footer":false,"_kad_post_classname":"","footnotes":""},"categories":[1],"tags":[],"class_list":["post-1813","post","type-post","status-publish","format-standard","has-post-thumbnail","hentry","category-z-zycia-przedszkola"],"yoast_head":"<!-- This site is optimized with the Yoast SEO plugin v27.3 - https:\/\/yoast.com\/product\/yoast-seo-wordpress\/ -->\n<title>Dzie\u0144 Gofra w grupie Biedronek - Publiczne Przedszkole nr. 1<\/title>\n<meta name=\"robots\" content=\"index, follow, max-snippet:-1, max-image-preview:large, max-video-preview:-1\" \/>\n<link rel=\"canonical\" href=\"https:\/\/pp1pawlowice.pl\/?p=1813\" \/>\n<meta property=\"og:locale\" content=\"pl_PL\" \/>\n<meta property=\"og:type\" content=\"article\" \/>\n<meta property=\"og:title\" content=\"Dzie\u0144 Gofra w grupie Biedronek - Publiczne Przedszkole nr. 1\" \/>\n<meta property=\"og:description\" content=\"25.03 Biedroneczki \u015bwi\u0119towa\u0142y Dzie\u0144 Gofra. Wsp\u00f3lnie przygotowali\u015bmy ciasto, a p\u00f3\u017aniej ka\u017cde z dzieci udekorowa\u0142o owocami swojego gofra. By\u0142o pysznie.\" \/>\n<meta property=\"og:url\" content=\"https:\/\/pp1pawlowice.pl\/?p=1813\" \/>\n<meta property=\"og:site_name\" content=\"Publiczne Przedszkole nr. 1\" \/>\n<meta property=\"article:published_time\" content=\"2025-04-28T11:07:10+00:00\" \/>\n<meta property=\"og:image\" content=\"https:\/\/pp1pawlowice.pl\/wp-content\/uploads\/2025\/04\/1743593856559-scaled.jpg\" \/>\n\t<meta property=\"og:image:width\" content=\"2560\" \/>\n\t<meta property=\"og:image:height\" content=\"1928\" \/>\n\t<meta property=\"og:image:type\" content=\"image\/jpeg\" \/>\n<meta name=\"author\" content=\"przedszkole\" \/>\n<meta name=\"twitter:card\" content=\"summary_large_image\" \/>\n<meta name=\"twitter:label1\" content=\"Napisane przez\" \/>\n\t<meta name=\"twitter:data1\" content=\"przedszkole\" \/>\n\t<meta name=\"twitter:label2\" content=\"Szacowany czas czytania\" \/>\n\t<meta name=\"twitter:data2\" content=\"2 minuty\" \/>\n<script type=\"application\/ld+json\" class=\"yoast-schema-graph\">{\"@context\":\"https:\\\/\\\/schema.org\",\"@graph\":[{\"@type\":\"Article\",\"@id\":\"https:\\\/\\\/pp1pawlowice.pl\\\/?p=1813#article\",\"isPartOf\":{\"@id\":\"https:\\\/\\\/pp1pawlowice.pl\\\/?p=1813\"},\"author\":{\"name\":\"przedszkole\",\"@id\":\"https:\\\/\\\/pp1pawlowice.pl\\\/#\\\/schema\\\/person\\\/efbc6fb39a092d62809653de8e1ca02f\"},\"headline\":\"Dzie\u0144 Gofra w grupie Biedronek\",\"datePublished\":\"2025-04-28T11:07:10+00:00\",\"mainEntityOfPage\":{\"@id\":\"https:\\\/\\\/pp1pawlowice.pl\\\/?p=1813\"},\"wordCount\":31,\"publisher\":{\"@id\":\"https:\\\/\\\/pp1pawlowice.pl\\\/#organization\"},\"image\":{\"@id\":\"https:\\\/\\\/pp1pawlowice.pl\\\/?p=1813#primaryimage\"},\"thumbnailUrl\":\"https:\\\/\\\/pp1pawlowice.pl\\\/wp-content\\\/uploads\\\/2025\\\/04\\\/1743593856559-scaled.jpg\",\"articleSection\":[\"Z \u017cycia przedszkola\"],\"inLanguage\":\"pl-PL\"},{\"@type\":\"WebPage\",\"@id\":\"https:\\\/\\\/pp1pawlowice.pl\\\/?p=1813\",\"url\":\"https:\\\/\\\/pp1pawlowice.pl\\\/?p=1813\",\"name\":\"Dzie\u0144 Gofra w grupie Biedronek - Publiczne Przedszkole nr. 1\",\"isPartOf\":{\"@id\":\"https:\\\/\\\/pp1pawlowice.pl\\\/#website\"},\"primaryImageOfPage\":{\"@id\":\"https:\\\/\\\/pp1pawlowice.pl\\\/?p=1813#primaryimage\"},\"image\":{\"@id\":\"https:\\\/\\\/pp1pawlowice.pl\\\/?p=1813#primaryimage\"},\"thumbnailUrl\":\"https:\\\/\\\/pp1pawlowice.pl\\\/wp-content\\\/uploads\\\/2025\\\/04\\\/1743593856559-scaled.jpg\",\"datePublished\":\"2025-04-28T11:07:10+00:00\",\"breadcrumb\":{\"@id\":\"https:\\\/\\\/pp1pawlowice.pl\\\/?p=1813#breadcrumb\"},\"inLanguage\":\"pl-PL\",\"potentialAction\":[{\"@type\":\"ReadAction\",\"target\":[\"https:\\\/\\\/pp1pawlowice.pl\\\/?p=1813\"]}]},{\"@type\":\"ImageObject\",\"inLanguage\":\"pl-PL\",\"@id\":\"https:\\\/\\\/pp1pawlowice.pl\\\/?p=1813#primaryimage\",\"url\":\"https:\\\/\\\/pp1pawlowice.pl\\\/wp-content\\\/uploads\\\/2025\\\/04\\\/1743593856559-scaled.jpg\",\"contentUrl\":\"https:\\\/\\\/pp1pawlowice.pl\\\/wp-content\\\/uploads\\\/2025\\\/04\\\/1743593856559-scaled.jpg\",\"width\":2560,\"height\":1928},{\"@type\":\"BreadcrumbList\",\"@id\":\"https:\\\/\\\/pp1pawlowice.pl\\\/?p=1813#breadcrumb\",\"itemListElement\":[{\"@type\":\"ListItem\",\"position\":1,\"name\":\"Strona g\u0142\u00f3wna\",\"item\":\"https:\\\/\\\/pp1pawlowice.pl\\\/\"},{\"@type\":\"ListItem\",\"position\":2,\"name\":\"Dzie\u0144 Gofra w grupie Biedronek\"}]},{\"@type\":\"WebSite\",\"@id\":\"https:\\\/\\\/pp1pawlowice.pl\\\/#website\",\"url\":\"https:\\\/\\\/pp1pawlowice.pl\\\/\",\"name\":\"Publiczne Przedszkole nr. 1\",\"description\":\"\",\"publisher\":{\"@id\":\"https:\\\/\\\/pp1pawlowice.pl\\\/#organization\"},\"potentialAction\":[{\"@type\":\"SearchAction\",\"target\":{\"@type\":\"EntryPoint\",\"urlTemplate\":\"https:\\\/\\\/pp1pawlowice.pl\\\/?s={search_term_string}\"},\"query-input\":{\"@type\":\"PropertyValueSpecification\",\"valueRequired\":true,\"valueName\":\"search_term_string\"}}],\"inLanguage\":\"pl-PL\"},{\"@type\":\"Organization\",\"@id\":\"https:\\\/\\\/pp1pawlowice.pl\\\/#organization\",\"name\":\"Publiczne Przedszkole nr. 1\",\"url\":\"https:\\\/\\\/pp1pawlowice.pl\\\/\",\"logo\":{\"@type\":\"ImageObject\",\"inLanguage\":\"pl-PL\",\"@id\":\"https:\\\/\\\/pp1pawlowice.pl\\\/#\\\/schema\\\/logo\\\/image\\\/\",\"url\":\"https:\\\/\\\/pp1pawlowice.pl\\\/wp-content\\\/uploads\\\/2024\\\/03\\\/logoPP1.png\",\"contentUrl\":\"https:\\\/\\\/pp1pawlowice.pl\\\/wp-content\\\/uploads\\\/2024\\\/03\\\/logoPP1.png\",\"width\":600,\"height\":552,\"caption\":\"Publiczne Przedszkole nr. 1\"},\"image\":{\"@id\":\"https:\\\/\\\/pp1pawlowice.pl\\\/#\\\/schema\\\/logo\\\/image\\\/\"}},{\"@type\":\"Person\",\"@id\":\"https:\\\/\\\/pp1pawlowice.pl\\\/#\\\/schema\\\/person\\\/efbc6fb39a092d62809653de8e1ca02f\",\"name\":\"przedszkole\",\"image\":{\"@type\":\"ImageObject\",\"inLanguage\":\"pl-PL\",\"@id\":\"https:\\\/\\\/secure.gravatar.com\\\/avatar\\\/dda7f09373f14e16ae6db0998bc48a76045f6854e018a0e31e0b00ca138e7f34?s=96&d=mm&r=g\",\"url\":\"https:\\\/\\\/secure.gravatar.com\\\/avatar\\\/dda7f09373f14e16ae6db0998bc48a76045f6854e018a0e31e0b00ca138e7f34?s=96&d=mm&r=g\",\"contentUrl\":\"https:\\\/\\\/secure.gravatar.com\\\/avatar\\\/dda7f09373f14e16ae6db0998bc48a76045f6854e018a0e31e0b00ca138e7f34?s=96&d=mm&r=g\",\"caption\":\"przedszkole\"},\"url\":\"https:\\\/\\\/pp1pawlowice.pl\\\/?author=2\"}]}<\/script>\n<!-- \/ Yoast SEO plugin. -->","yoast_head_json":{"title":"Dzie\u0144 Gofra w grupie Biedronek - Publiczne Przedszkole nr. 1","robots":{"index":"index","follow":"follow","max-snippet":"max-snippet:-1","max-image-preview":"max-image-preview:large","max-video-preview":"max-video-preview:-1"},"canonical":"https:\/\/pp1pawlowice.pl\/?p=1813","og_locale":"pl_PL","og_type":"article","og_title":"Dzie\u0144 Gofra w grupie Biedronek - Publiczne Przedszkole nr. 1","og_description":"25.03 Biedroneczki \u015bwi\u0119towa\u0142y Dzie\u0144 Gofra. Wsp\u00f3lnie przygotowali\u015bmy ciasto, a p\u00f3\u017aniej ka\u017cde z dzieci udekorowa\u0142o owocami swojego gofra. By\u0142o pysznie.","og_url":"https:\/\/pp1pawlowice.pl\/?p=1813","og_site_name":"Publiczne Przedszkole nr. 1","article_published_time":"2025-04-28T11:07:10+00:00","og_image":[{"width":2560,"height":1928,"url":"https:\/\/pp1pawlowice.pl\/wp-content\/uploads\/2025\/04\/1743593856559-scaled.jpg","type":"image\/jpeg"}],"author":"przedszkole","twitter_card":"summary_large_image","twitter_misc":{"Napisane przez":"przedszkole","Szacowany czas czytania":"2 minuty"},"schema":{"@context":"https:\/\/schema.org","@graph":[{"@type":"Article","@id":"https:\/\/pp1pawlowice.pl\/?p=1813#article","isPartOf":{"@id":"https:\/\/pp1pawlowice.pl\/?p=1813"},"author":{"name":"przedszkole","@id":"https:\/\/pp1pawlowice.pl\/#\/schema\/person\/efbc6fb39a092d62809653de8e1ca02f"},"headline":"Dzie\u0144 Gofra w grupie Biedronek","datePublished":"2025-04-28T11:07:10+00:00","mainEntityOfPage":{"@id":"https:\/\/pp1pawlowice.pl\/?p=1813"},"wordCount":31,"publisher":{"@id":"https:\/\/pp1pawlowice.pl\/#organization"},"image":{"@id":"https:\/\/pp1pawlowice.pl\/?p=1813#primaryimage"},"thumbnailUrl":"https:\/\/pp1pawlowice.pl\/wp-content\/uploads\/2025\/04\/1743593856559-scaled.jpg","articleSection":["Z \u017cycia przedszkola"],"inLanguage":"pl-PL"},{"@type":"WebPage","@id":"https:\/\/pp1pawlowice.pl\/?p=1813","url":"https:\/\/pp1pawlowice.pl\/?p=1813","name":"Dzie\u0144 Gofra w grupie Biedronek - Publiczne Przedszkole nr. 1","isPartOf":{"@id":"https:\/\/pp1pawlowice.pl\/#website"},"primaryImageOfPage":{"@id":"https:\/\/pp1pawlowice.pl\/?p=1813#primaryimage"},"image":{"@id":"https:\/\/pp1pawlowice.pl\/?p=1813#primaryimage"},"thumbnailUrl":"https:\/\/pp1pawlowice.pl\/wp-content\/uploads\/2025\/04\/1743593856559-scaled.jpg","datePublished":"2025-04-28T11:07:10+00:00","breadcrumb":{"@id":"https:\/\/pp1pawlowice.pl\/?p=1813#breadcrumb"},"inLanguage":"pl-PL","potentialAction":[{"@type":"ReadAction","target":["https:\/\/pp1pawlowice.pl\/?p=1813"]}]},{"@type":"ImageObject","inLanguage":"pl-PL","@id":"https:\/\/pp1pawlowice.pl\/?p=1813#primaryimage","url":"https:\/\/pp1pawlowice.pl\/wp-content\/uploads\/2025\/04\/1743593856559-scaled.jpg","contentUrl":"https:\/\/pp1pawlowice.pl\/wp-content\/uploads\/2025\/04\/1743593856559-scaled.jpg","width":2560,"height":1928},{"@type":"BreadcrumbList","@id":"https:\/\/pp1pawlowice.pl\/?p=1813#breadcrumb","itemListElement":[{"@type":"ListItem","position":1,"name":"Strona g\u0142\u00f3wna","item":"https:\/\/pp1pawlowice.pl\/"},{"@type":"ListItem","position":2,"name":"Dzie\u0144 Gofra w grupie Biedronek"}]},{"@type":"WebSite","@id":"https:\/\/pp1pawlowice.pl\/#website","url":"https:\/\/pp1pawlowice.pl\/","name":"Publiczne Przedszkole nr. 1","description":"","publisher":{"@id":"https:\/\/pp1pawlowice.pl\/#organization"},"potentialAction":[{"@type":"SearchAction","target":{"@type":"EntryPoint","urlTemplate":"https:\/\/pp1pawlowice.pl\/?s={search_term_string}"},"query-input":{"@type":"PropertyValueSpecification","valueRequired":true,"valueName":"search_term_string"}}],"inLanguage":"pl-PL"},{"@type":"Organization","@id":"https:\/\/pp1pawlowice.pl\/#organization","name":"Publiczne Przedszkole nr. 1","url":"https:\/\/pp1pawlowice.pl\/","logo":{"@type":"ImageObject","inLanguage":"pl-PL","@id":"https:\/\/pp1pawlowice.pl\/#\/schema\/logo\/image\/","url":"https:\/\/pp1pawlowice.pl\/wp-content\/uploads\/2024\/03\/logoPP1.png","contentUrl":"https:\/\/pp1pawlowice.pl\/wp-content\/uploads\/2024\/03\/logoPP1.png","width":600,"height":552,"caption":"Publiczne Przedszkole nr. 1"},"image":{"@id":"https:\/\/pp1pawlowice.pl\/#\/schema\/logo\/image\/"}},{"@type":"Person","@id":"https:\/\/pp1pawlowice.pl\/#\/schema\/person\/efbc6fb39a092d62809653de8e1ca02f","name":"przedszkole","image":{"@type":"ImageObject","inLanguage":"pl-PL","@id":"https:\/\/secure.gravatar.com\/avatar\/dda7f09373f14e16ae6db0998bc48a76045f6854e018a0e31e0b00ca138e7f34?s=96&d=mm&r=g","url":"https:\/\/secure.gravatar.com\/avatar\/dda7f09373f14e16ae6db0998bc48a76045f6854e018a0e31e0b00ca138e7f34?s=96&d=mm&r=g","contentUrl":"https:\/\/secure.gravatar.com\/avatar\/dda7f09373f14e16ae6db0998bc48a76045f6854e018a0e31e0b00ca138e7f34?s=96&d=mm&r=g","caption":"przedszkole"},"url":"https:\/\/pp1pawlowice.pl\/?author=2"}]}},"_links":{"self":[{"href":"https:\/\/pp1pawlowice.pl\/index.php?rest_route=\/wp\/v2\/posts\/1813","targetHints":{"allow":["GET"]}}],"collection":[{"href":"https:\/\/pp1pawlowice.pl\/index.php?rest_route=\/wp\/v2\/posts"}],"about":[{"href":"https:\/\/pp1pawlowice.pl\/index.php?rest_route=\/wp\/v2\/types\/post"}],"author":[{"embeddable":true,"href":"https:\/\/pp1pawlowice.pl\/index.php?rest_route=\/wp\/v2\/users\/2"}],"replies":[{"embeddable":true,"href":"https:\/\/pp1pawlowice.pl\/index.php?rest_route=%2Fwp%2Fv2%2Fcomments&post=1813"}],"version-history":[{"count":1,"href":"https:\/\/pp1pawlowice.pl\/index.php?rest_route=\/wp\/v2\/posts\/1813\/revisions"}],"predecessor-version":[{"id":1819,"href":"https:\/\/pp1pawlowice.pl\/index.php?rest_route=\/wp\/v2\/posts\/1813\/revisions\/1819"}],"wp:featuredmedia":[{"embeddable":true,"href":"https:\/\/pp1pawlowice.pl\/index.php?rest_route=\/wp\/v2\/media\/1818"}],"wp:attachment":[{"href":"https:\/\/pp1pawlowice.pl\/index.php?rest_route=%2Fwp%2Fv2%2Fmedia&parent=1813"}],"wp:term":[{"taxonomy":"category","embeddable":true,"href":"https:\/\/pp1pawlowice.pl\/index.php?rest_route=%2Fwp%2Fv2%2Fcategories&post=1813"},{"taxonomy":"post_tag","embeddable":true,"href":"https:\/\/pp1pawlowice.pl\/index.php?rest_route=%2Fwp%2Fv2%2Ftags&post=1813"}],"curies":[{"name":"wp","href":"https:\/\/api.w.org\/{rel}","templated":true}]}}